{"id":24429,"date":"2018-02-13T12:02:28","date_gmt":"2018-02-13T10:02:28","guid":{"rendered":"https:\/\/www.musicbar.cz\/?p=24429"},"modified":"2018-04-03T11:10:43","modified_gmt":"2018-04-03T09:10:43","slug":"billy-barman-dievcata-zo-sluk-u-sk","status":"publish","type":"post","link":"https:\/\/musicbar.cz\/cs\/program\/billy-barman-dievcata-zo-sluk-u-sk\/","title":{"rendered":"Billy Barman &#038; Diev\u010dat\u00e1 zo S\u013dUK-u \/ SK"},"content":{"rendered":"<p>Skupina Billy Barman odehraje v b\u0159eznu a v dubnu s\u00e9rii osmi speci\u00e1ln\u00edch koncert\u016f, na kter\u00fdch vystoup\u00ed spole\u010dn\u011b s p\u011bti zp\u011bva\u010dkami zo S\u013dUK-u (Slovensk\u00fd \u013eudov\u00fd umeleck\u00fd kolekt\u00edv). V Lucerna Music Baru se zastav\u00ed v pond\u011bl\u00ed 16. dubna.<\/p>\n<p>\u201eDali sme dohromady \u0161peci\u00e1lne hudobn\u00e9 teleso, postaven\u00e9 na \u010disto akustick\u00fdch n\u00e1strojoch a kr\u00e1snych hlasoch diev\u010dat zo S\u013dUK-u. K folkl\u00f3ru a hor\u00e1m m\u00e1me bl\u00edzko, \u010dasto n\u00e1m pom\u00e1haj\u00fa pri p\u00edsan\u00ed textov,\u201c hovo\u0159\u00ed o netradi\u010dn\u00edm spojen\u00ed zp\u011bv\u00e1k Juraj Podmanick\u00fd.<\/p>\n<p>Spojen\u00ed skupiny Billy Barman a zp\u011bva\u010dek ze S\u013dUK-u vzniklo ad hoc pro festival Tatra Flowers, v r\u00e1mci kter\u00e9ho oba soubory odehr\u00e1li spole\u010dn\u00fd koncert na T\u00e9ryho chat\u011b. <\/p>\n<p>\u201eKe\u010f\u017ee koncert na T\u00e9rynke bol bez ak\u00e9hoko\u013evek ozvu\u010denia, vymysleli sme mu \u0161peci\u00e1lny n\u00e1zov: \u201cBilly Barman a diev\u010dat\u00e1 zo S\u013dUK-u potichu!\u201d dod\u00e1v\u00e1 Podmanick\u00fd.<\/p>\n<p>Div\u00e1ci v Praze uvid\u00ed jeden spole\u010dn\u00fd akustick\u00fd koncert, b\u011bhem kter\u00e9ho se budou oba dva soubory st\u0159\u00eddat, p\u0159i\u010dem\u017e v n\u011bkter\u00fdch skladb\u00e1ch se spoj\u00ed, respektive se budou prol\u00ednat. <\/p>\n<p>\u201eHr\u00e1me akusticky a potichu, bez ve\u013ekej s\u00fapravy bic\u00edch a bez samplov, tak\u017ee je to cel\u00e9 ove\u013ea viac postaven\u00e9 na hlasoch. Bude to v\u00fdzva, lebo je to dos\u0165 in\u00e9 ako be\u017en\u00fd koncert, ale stra\u0161ne n\u00e1s to bav\u00ed,\u201c mluv\u00ed o akustick\u00e9m koncertu kytarista Jozef Vrabel.<\/p>\n<p>Skupina Billy Barman vznikla v roce 2008 a na kont\u011b m\u00e1 alba No\u010dn\u00ed jazdci (2010), Modr\u00fd jazyk (2013) a D\u00fdchaj\u00face obrazy (2016). Z\u00edskala n\u011bkolik cen Radio_Head Awards, naposledy za album roku 2016.<\/p>\n<p>VSTUPENKY:<br \/>\n1. VLNA &#8211; VYPROD\u00c1NO<\/p>\n<p>2. VLNA:<br \/>\nSt\u00e1n\u00ed 320 K\u010d + poplatky<br \/>\nBalkon sezen\u00ed 440 K\u010d + poplatky &#8211; web Lucerna Music Baru web, GoOut.cz<\/p>","protected":false},"excerpt":{"rendered":"<p>Skupina Billy Barman odehraje v b\u0159eznu a v dubnu s\u00e9rii osmi speci\u00e1ln\u00edch koncert\u016f, na kter\u00fdch vystoup\u00ed spole\u010dn\u011b s p\u011bti zp\u011bva\u010dkami zo S\u013dUK-u (Slovensk\u00fd \u013eudov\u00fd umeleck\u00fd kolekt\u00edv). V Lucerna Music Baru se zastav\u00ed v pond\u011bl\u00ed 16. dubna. \u201eDali sme dohromady \u0161peci\u00e1lne hudobn\u00e9 teleso, postaven\u00e9 na \u010disto akustick\u00fdch n\u00e1strojoch a kr\u00e1snych hlasoch diev\u010dat zo S\u013dUK-u. K folkl\u00f3ru [&hellip;]<\/p>\n","protected":false},"author":6,"featured_media":0,"comment_status":"closed","ping_status":"closed","sticky":false,"template":"","format":"standard","meta":{"_acf_changed":false,"footnotes":""},"categories":[405],"tags":[],"class_list":["post-24429","post","type-post","status-publish","format-standard","hentry","category-program"],"acf":[],"_links":{"self":[{"href":"https:\/\/musicbar.cz\/cs\/wp-json\/wp\/v2\/posts\/24429","targetHints":{"allow":["GET"]}}],"collection":[{"href":"https:\/\/musicbar.cz\/cs\/wp-json\/wp\/v2\/posts"}],"about":[{"href":"https:\/\/musicbar.cz\/cs\/wp-json\/wp\/v2\/types\/post"}],"author":[{"embeddable":true,"href":"https:\/\/musicbar.cz\/cs\/wp-json\/wp\/v2\/users\/6"}],"replies":[{"embeddable":true,"href":"https:\/\/musicbar.cz\/cs\/wp-json\/wp\/v2\/comments?post=24429"}],"version-history":[{"count":8,"href":"https:\/\/musicbar.cz\/cs\/wp-json\/wp\/v2\/posts\/24429\/revisions"}],"predecessor-version":[{"id":24763,"href":"https:\/\/musicbar.cz\/cs\/wp-json\/wp\/v2\/posts\/24429\/revisions\/24763"}],"wp:attachment":[{"href":"https:\/\/musicbar.cz\/cs\/wp-json\/wp\/v2\/media?parent=24429"}],"wp:term":[{"taxonomy":"category","embeddable":true,"href":"https:\/\/musicbar.cz\/cs\/wp-json\/wp\/v2\/categories?post=24429"},{"taxonomy":"post_tag","embeddable":true,"href":"https:\/\/musicbar.cz\/cs\/wp-json\/wp\/v2\/tags?post=24429"}],"curies":[{"name":"wp","href":"https:\/\/api.w.org\/{rel}","templated":true}]}}