{"id":23212,"date":"2017-09-27T15:03:24","date_gmt":"2017-09-27T13:03:24","guid":{"rendered":"https:\/\/www.musicbar.cz\/?p=23212"},"modified":"2018-05-21T15:42:17","modified_gmt":"2018-05-21T13:42:17","slug":"phil-rudd-his-band-aus-support-doctor-victor-blue-rocket","status":"publish","type":"post","link":"https:\/\/musicbar.cz\/cs\/program\/phil-rudd-his-band-aus-support-doctor-victor-blue-rocket\/","title":{"rendered":"Phil Rudd &#038; His Band \/ AUS &#8211; ZRU\u0160ENO"},"content":{"rendered":"<p>Bohu\u017eel s hlubokou velikou l\u00edtost\u00ed na podklad\u011b aktu\u00e1ln\u00edho v\u00fdvoje a d\u016fvod\u016f, kter\u00e9 jsou zcela na stran\u011b managementu Phila Rudda, v\u00e1s mus\u00edme informovat, \u017ee jsme nuceni zru\u0161it nadch\u00e1zej\u00edc\u00ed turn\u00e9 PHIL RUDD BAND, kter\u00e9 bylo pl\u00e1nov\u00e1no na kv\u011bten-\u010derven 2018. Dal\u0161\u00ed informace bohu\u017eel v t\u00e9to v\u011bci nem\u00e1me, jeliko\u017e mana\u017eer Phila Rudda s n\u00e1mi &#8211; se v\u0161emi organiz\u00e1tory evropsk\u00fdch koncert\u016f &#8211; aktu\u00e1ln\u011b n\u011bkolik dn\u00ed nekomunikuje a ohledn\u011b d\u016fvod\u016f zru\u0161en\u00ed evropsk\u00e9ho turn\u00e9 v\u00edme jen to, co jsme v\u00e1m sd\u011blili v\u00fd\u0161e. Toto je informace, kter\u00e1 n\u00e1m byla ze strany managementu sd\u011blena a dal\u0161\u00ed d\u016fvody nebyly ozn\u00e1meny. Tato informace se bohu\u017eel t\u00fdk\u00e1 zru\u0161en\u00ed cel\u00e9ho turn\u00e9, kter\u00e9 se m\u011blo v nadch\u00e1zej\u00edc\u00edch t\u00fddnech v Evrop\u011b uskute\u010dnit. <\/p>\n<p>Vstupn\u00e9 bude vr\u00e1ceno v pln\u00e9 v\u00fd\u0161i v m\u00edst\u011b n\u00e1kupu od 22. kv\u011btna do 3. \u010dervence. Po tomto datu budou \u017e\u00e1dosti o vr\u00e1cen\u00ed \u0159e\u0161eny individu\u00e1ln\u011b.<\/p>\n<p>Za organiz\u00e1tory koncertu David \u0160indel\u00e1\u0159<\/p>\n<p>Pokud m\u00e1te na organiz\u00e1tory n\u011bjak\u00fd dotaz, pi\u0161te rovnou na FB str\u00e1nku <a href=\"https:\/\/www.facebook.com\/PhilRuddFromACDC\/\" target=\"_blank\">ZDE<\/a>.<\/p>","protected":false},"excerpt":{"rendered":"<p>Bohu\u017eel s hlubokou velikou l\u00edtost\u00ed na podklad\u011b aktu\u00e1ln\u00edho v\u00fdvoje a d\u016fvod\u016f, kter\u00e9 jsou zcela na stran\u011b managementu Phila Rudda, v\u00e1s mus\u00edme informovat, \u017ee jsme nuceni zru\u0161it nadch\u00e1zej\u00edc\u00ed turn\u00e9 PHIL RUDD BAND, kter\u00e9 bylo pl\u00e1nov\u00e1no na kv\u011bten-\u010derven 2018. Dal\u0161\u00ed informace bohu\u017eel v t\u00e9to v\u011bci nem\u00e1me, jeliko\u017e mana\u017eer Phila Rudda s n\u00e1mi &#8211; se v\u0161emi organiz\u00e1tory evropsk\u00fdch [&hellip;]<\/p>\n","protected":false},"author":6,"featured_media":0,"comment_status":"closed","ping_status":"closed","sticky":false,"template":"","format":"standard","meta":{"_acf_changed":false,"footnotes":""},"categories":[405],"tags":[413,412],"class_list":["post-23212","post","type-post","status-publish","format-standard","hentry","category-program","tag-metal","tag-rock"],"acf":[],"_links":{"self":[{"href":"https:\/\/musicbar.cz\/cs\/wp-json\/wp\/v2\/posts\/23212","targetHints":{"allow":["GET"]}}],"collection":[{"href":"https:\/\/musicbar.cz\/cs\/wp-json\/wp\/v2\/posts"}],"about":[{"href":"https:\/\/musicbar.cz\/cs\/wp-json\/wp\/v2\/types\/post"}],"author":[{"embeddable":true,"href":"https:\/\/musicbar.cz\/cs\/wp-json\/wp\/v2\/users\/6"}],"replies":[{"embeddable":true,"href":"https:\/\/musicbar.cz\/cs\/wp-json\/wp\/v2\/comments?post=23212"}],"version-history":[{"count":4,"href":"https:\/\/musicbar.cz\/cs\/wp-json\/wp\/v2\/posts\/23212\/revisions"}],"predecessor-version":[{"id":25174,"href":"https:\/\/musicbar.cz\/cs\/wp-json\/wp\/v2\/posts\/23212\/revisions\/25174"}],"wp:attachment":[{"href":"https:\/\/musicbar.cz\/cs\/wp-json\/wp\/v2\/media?parent=23212"}],"wp:term":[{"taxonomy":"category","embeddable":true,"href":"https:\/\/musicbar.cz\/cs\/wp-json\/wp\/v2\/categories?post=23212"},{"taxonomy":"post_tag","embeddable":true,"href":"https:\/\/musicbar.cz\/cs\/wp-json\/wp\/v2\/tags?post=23212"}],"curies":[{"name":"wp","href":"https:\/\/api.w.org\/{rel}","templated":true}]}}