{"id":2283,"date":"2012-03-02T17:39:48","date_gmt":"2012-03-02T17:39:48","guid":{"rendered":"http:\/\/www.musicbar.cz\/?p=2283"},"modified":"2012-03-02T17:40:07","modified_gmt":"2012-03-02T17:40:07","slug":"lucerna-hlasuje-proti-rasismu-pridejte-se-k-nam-21-brezna","status":"publish","type":"post","link":"https:\/\/musicbar.cz\/cs\/nezarazene\/lucerna-hlasuje-proti-rasismu-pridejte-se-k-nam-21-brezna\/","title":{"rendered":"Lucerna hlasuje proti rasismu! P\u0159idejte se k n\u00e1m 21. b\u0159ezna"},"content":{"rendered":"<p><a href=\"http:\/\/www.musicbar.cz\/wp-content\/uploads\/2012\/03\/proti_rasismu.jpg\"><img loading=\"lazy\" decoding=\"async\" class=\"alignleft size-full wp-image-2284\" title=\"proti_rasismu\" src=\"http:\/\/www.musicbar.cz\/wp-content\/uploads\/2012\/03\/proti_rasismu.jpg\" alt=\"\" width=\"170\" height=\"170\" srcset=\"https:\/\/storage.googleapis.com\/goout-wordpress-uploads\/musicbarcz\/2012\/03\/proti_rasismu.jpg 170w, https:\/\/storage.googleapis.com\/goout-wordpress-uploads\/musicbarcz\/2012\/03\/proti_rasismu-300x300.jpg 300w, https:\/\/storage.googleapis.com\/goout-wordpress-uploads\/musicbarcz\/2012\/03\/proti_rasismu-900x900.jpg 900w\" sizes=\"auto, (max-width: 170px) 100vw, 170px\" \/><\/a>Rasismus se rod\u00ed z nedostatku tolerance, pochopen\u00ed a porozum\u011bn\u00ed. Bezpochyby nej\u00fa\u010dinn\u011bj\u0161\u00ed zbran\u00ed proti jak\u00e9koli diskriminaci nebo fobii je humor a nadhled. T\u011bmito zbran\u011bmi m\u016f\u017eete zabojovat proti rasismu s kapelou<strong> The Tap Tap<\/strong>, kter\u00e1 zastupuje jednu z mnoha men\u0161inov\u00fdch soci\u00e1ln\u00edch skupin \u2013 handicapovan\u00e9. Hr\u00e1t ale um\u00ed i pro v\u011bt\u0161inu, jak uvid\u00edte na koncertu 21. b\u0159ezna v r\u00e1mci akce LUCERNA PROTI RASISMU. Prvn\u00ed jarn\u00ed den je z\u00e1rove\u0148 mezin\u00e1rodn\u00edm dnem proti rasismu. K t\u00e9to p\u0159\u00edle\u017eitosti se v Lucerna Music Baru sejde n\u011bkolik hudebn\u00edk\u016f a p\u0159edstav\u00ed origin\u00e1ln\u00ed aran\u017ee zn\u00e1m\u00fdch i nov\u00fdch p\u00edsn\u00ed. Ve\u010der budou moderovat <strong>Ester Ko\u010di\u010dkov\u00e1<\/strong> a <strong>L\u00e1\u010fa Angelovi\u010d <\/strong>z The Tap Tap<!--more-->. Spolu s kapelou zazp\u00edv\u00e1 Ester svou \u201e\u00c1rijskou lidovou\u201c s chytlav\u00fdm refr\u00e9nem \u201eJe\u0161t\u011b\u017ee n\u00e1m blond\u00fdn\u00e1m v\u017edycky nalejou\u201c. Poprv\u00e9 si The Tap Tap zahraj\u00ed song od kapely \u201eL\u00e1ska vole\u201c s n\u00e1zvem \u201eKdybych byla mrcha\u201c. Song je \u201earchetypick\u00fdm\u201c povzdechem v\u0161ech \u017een, kter\u00e9 trp\u00ed nepochopen\u00edm ze strany mu\u017e\u016f. K t\u00e9to p\u00edsni\u010dce vznikla zhudebn\u011bn\u00e1 reakce nepochopen\u00fdch mu\u017e\u016f, kterou zazp\u00edv\u00e1<strong> Jarda Svoboda<\/strong> ze skupiny <strong>Traband <\/strong>spolu s frontmanem Tap Tapu <strong>Ji\u0159\u00ed<\/strong>m <strong>Holzmann<\/strong>em. P\u00edse\u0148 se jmenuje \u201eKdybych j\u00e1 byl xindl\u201c a jej\u00edm autorem je <strong>Xidl X<\/strong>. <strong>Jarda Svoboda <\/strong>si s Tap Tapem zazp\u00edv\u00e1 i vlastn\u00ed hit \u201e\u010cernej pasa\u017e\u00e9r\u201c, kter\u00fd sv\u00fdm n\u00e1zvem v\u00fdborn\u011b lad\u00ed k t\u00e9matu ve\u010dera. Zazn\u00ed tak\u00e9 popul\u00e1rn\u00ed \u201eZn\u00e1mka punku\u201c nejen pro punkovou men\u0161inu obyvatelstva. S t\u00e9matem rasismu a \u010dernob\u00edl\u00fdm vn\u00edm\u00e1n\u00edm sv\u011bta si b\u00e1je\u010dn\u011b pohr\u00e1l kr\u00e1l popu Michael Jackson ve sv\u00e9m slavn\u00e9m hitu \u201eBlack or White\u201c. Na koncert\u011b jej usly\u0161\u00edte v origin\u00e1ln\u00ed aran\u017ei, za doprovodu Tap Tapu zazp\u00edv\u00e1 <strong>Tonya Graves<\/strong>.<\/p>\n<p>Koncert se kon\u00e1 v r\u00e1mci akce LUCERNA PROTI RASISMU, kterou po\u0159\u00e1d\u00e1 spole\u010dnost Opona. V mezin\u00e1rodn\u00ed den proti rasismu se d\u00e1le uskute\u010dn\u00ed vernis\u00e1\u017e v\u00fdstavy proti rasismu v pas\u00e1\u017ei pal\u00e1ce Lucerna, premi\u00e9ra filmu Posledn\u00ed let Petra Ginze. Sou\u010d\u00e1st\u00ed akce je tak\u00e9 v\u00fdstava o Petru Ginzovi a programy pro \u0161koly.<\/p>\n<p>KONCERT PROTI RASISMU<br \/>\n21. 3. 2012 od 21:00<br \/>\nLucerna music bar<\/p>\n<p>\u00fa\u010dinkuj\u00ed:<br \/>\nThe Tap Tap &amp; host\u00e9<br \/>\nEster Ko\u010di\u010dkov\u00e1, Tonya Graves, Jarda Svoboda, Mark\u00e9ta Krausov\u00e1<\/p>\n<p>afterparty: Gadjo.cz &amp; live: Jam Sound System<\/p>\n<p>Vstupn\u00e9 na koncert: 150,- K\u010d.<br \/>\nV cen\u011b je voln\u00fd vstup na p\u0159edpremi\u00e9ry filmu Posledn\u00ed let Petra Ginze, kter\u00e9 se uskute\u010dn\u00ed<br \/>\nrovn\u011b\u017e 21.3. od 15.00 a od 17.00 v kin\u011b Lucerna.<\/p>\n<p>www.lucernaprotirasismu.cz<\/p>\n","protected":false},"excerpt":{"rendered":"<p>Rasismus se rod\u00ed z nedostatku tolerance, pochopen\u00ed a porozum\u011bn\u00ed. Bezpochyby nej\u00fa\u010dinn\u011bj\u0161\u00ed zbran\u00ed proti jak\u00e9koli diskriminaci nebo fobii je humor a nadhled. T\u011bmito zbran\u011bmi m\u016f\u017eete zabojovat proti rasismu s kapelou The Tap Tap, kter\u00e1 zastupuje jednu z mnoha men\u0161inov\u00fdch soci\u00e1ln\u00edch skupin \u2013 handicapovan\u00e9. Hr\u00e1t ale um\u00ed i pro v\u011bt\u0161inu, jak uvid\u00edte na koncertu 21. b\u0159ezna v [&hellip;]<\/p>\n","protected":false},"author":6,"featured_media":0,"comment_status":"open","ping_status":"closed","sticky":false,"template":"","format":"standard","meta":{"_acf_changed":false,"footnotes":""},"categories":[1,404],"tags":[],"class_list":["post-2283","post","type-post","status-publish","format-standard","hentry","category-nezarazene","category-novinky"],"acf":[],"_links":{"self":[{"href":"https:\/\/musicbar.cz\/cs\/wp-json\/wp\/v2\/posts\/2283","targetHints":{"allow":["GET"]}}],"collection":[{"href":"https:\/\/musicbar.cz\/cs\/wp-json\/wp\/v2\/posts"}],"about":[{"href":"https:\/\/musicbar.cz\/cs\/wp-json\/wp\/v2\/types\/post"}],"author":[{"embeddable":true,"href":"https:\/\/musicbar.cz\/cs\/wp-json\/wp\/v2\/users\/6"}],"replies":[{"embeddable":true,"href":"https:\/\/musicbar.cz\/cs\/wp-json\/wp\/v2\/comments?post=2283"}],"version-history":[{"count":0,"href":"https:\/\/musicbar.cz\/cs\/wp-json\/wp\/v2\/posts\/2283\/revisions"}],"wp:attachment":[{"href":"https:\/\/musicbar.cz\/cs\/wp-json\/wp\/v2\/media?parent=2283"}],"wp:term":[{"taxonomy":"category","embeddable":true,"href":"https:\/\/musicbar.cz\/cs\/wp-json\/wp\/v2\/categories?post=2283"},{"taxonomy":"post_tag","embeddable":true,"href":"https:\/\/musicbar.cz\/cs\/wp-json\/wp\/v2\/tags?post=2283"}],"curies":[{"name":"wp","href":"https:\/\/api.w.org\/{rel}","templated":true}]}}