{"id":20804,"date":"2016-11-10T17:33:59","date_gmt":"2016-11-10T15:33:59","guid":{"rendered":"https:\/\/www.musicbar.cz\/?p=20804"},"modified":"2016-11-10T18:53:28","modified_gmt":"2016-11-10T16:53:28","slug":"polemic-si-pripravili-do-lucerna-music-baru-specialni-program-s-hosty","status":"publish","type":"post","link":"https:\/\/musicbar.cz\/cs\/novinky\/polemic-si-pripravili-do-lucerna-music-baru-specialni-program-s-hosty\/","title":{"rendered":"Polemic si p\u0159ipravili do Lucerna Music Baru speci\u00e1ln\u00ed program s hosty"},"content":{"rendered":"<p>V \u00fater\u00fd 15. listopadu se vr\u00e1t\u00ed do Prahy popul\u00e1rn\u00ed slovensk\u00e1 ska a reggae kapela Polemic. Chlapci si pro Lucerna Music Bar p\u0159ipravili speci\u00e1ln\u00ed setlist a p\u0159ivezou i hosty.<\/p>\n<p>\u201eV Lucerna Music Baru vystoup\u00edme v roz\u0161\u00ed\u0159en\u00e9 sestav\u011b \u2013 s perkusionistou Eddy Portellem a vokalistkami Katkou \u0160\u010devl\u00edkovou a Ronie. Budeme m\u00edt origin\u00e1ln\u00ed setlist postaven\u00fd v\u00fdhradn\u011b pro tento koncert. Usly\u0161\u00edte p\u00edsni\u010dky, kter\u00e9 jsme dlouho nehr\u00e1li a i novinku Hr\u00e1\u010di, kter\u00e1 bude m\u00edt v \u010cesku premi\u00e9ru. Na\u0161e v\u00fdzva pro ka\u017ed\u00e9ho n\u00e1v\u0161t\u011bvn\u00edka je jednozna\u010dn\u00e1: Tancuj!\u201c l\u00e1kaj\u00ed Polemic na pra\u017esk\u00fd koncert.<\/p>\n<p>Polemic br\u00e1zd\u00ed p\u00f3dia u\u017e dlouh\u00fdch 27 let, b\u011bhem kter\u00fdch si vytvo\u0159ili v\u011brn\u00e9 publikum na Slovensku a v \u010cesk\u00e9 republice. Jejich posledn\u00edm hitem je skladba Tancuj, ke kter\u00e9 vydali v z\u00e1\u0159\u00ed videoklip.<\/p>\n<p>Vstupenky jsou v prodeji za 200 K\u010d + poplatky. P\u0159edprodej b\u011b\u017e\u00ed na pokladn\u011b Lucerna Music Baru (bez poplatk\u016f), na webu Lucerna Music Baru a v p\u0159edprodejn\u00edch s\u00edt\u00edch GoOut.cz, Ticketpro a Ticketportal. Na m\u00edst\u011b 250 K\u010d.<\/p>","protected":false},"excerpt":{"rendered":"<p>V \u00fater\u00fd 15. listopadu se vr\u00e1t\u00ed do Prahy popul\u00e1rn\u00ed slovensk\u00e1 ska a reggae kapela Polemic. Chlapci si pro Lucerna Music Bar p\u0159ipravili speci\u00e1ln\u00ed setlist a p\u0159ivezou i hosty. \u201eV Lucerna Music Baru vystoup\u00edme v roz\u0161\u00ed\u0159en\u00e9 sestav\u011b \u2013 s perkusionistou Eddy Portellem a vokalistkami Katkou \u0160\u010devl\u00edkovou a Ronie. Budeme m\u00edt origin\u00e1ln\u00ed setlist postaven\u00fd v\u00fdhradn\u011b pro tento [&hellip;]<\/p>\n","protected":false},"author":6,"featured_media":0,"comment_status":"closed","ping_status":"closed","sticky":false,"template":"","format":"standard","meta":{"_acf_changed":false,"footnotes":""},"categories":[404],"tags":[],"class_list":["post-20804","post","type-post","status-publish","format-standard","hentry","category-novinky"],"acf":[],"_links":{"self":[{"href":"https:\/\/musicbar.cz\/cs\/wp-json\/wp\/v2\/posts\/20804","targetHints":{"allow":["GET"]}}],"collection":[{"href":"https:\/\/musicbar.cz\/cs\/wp-json\/wp\/v2\/posts"}],"about":[{"href":"https:\/\/musicbar.cz\/cs\/wp-json\/wp\/v2\/types\/post"}],"author":[{"embeddable":true,"href":"https:\/\/musicbar.cz\/cs\/wp-json\/wp\/v2\/users\/6"}],"replies":[{"embeddable":true,"href":"https:\/\/musicbar.cz\/cs\/wp-json\/wp\/v2\/comments?post=20804"}],"version-history":[{"count":1,"href":"https:\/\/musicbar.cz\/cs\/wp-json\/wp\/v2\/posts\/20804\/revisions"}],"predecessor-version":[{"id":20805,"href":"https:\/\/musicbar.cz\/cs\/wp-json\/wp\/v2\/posts\/20804\/revisions\/20805"}],"wp:attachment":[{"href":"https:\/\/musicbar.cz\/cs\/wp-json\/wp\/v2\/media?parent=20804"}],"wp:term":[{"taxonomy":"category","embeddable":true,"href":"https:\/\/musicbar.cz\/cs\/wp-json\/wp\/v2\/categories?post=20804"},{"taxonomy":"post_tag","embeddable":true,"href":"https:\/\/musicbar.cz\/cs\/wp-json\/wp\/v2\/tags?post=20804"}],"curies":[{"name":"wp","href":"https:\/\/api.w.org\/{rel}","templated":true}]}}