{"id":2014,"date":"2011-12-15T14:40:32","date_gmt":"2011-12-15T14:40:32","guid":{"rendered":"http:\/\/www.musicbar.cz\/?p=2014"},"modified":"2011-12-15T18:18:36","modified_gmt":"2011-12-15T18:18:36","slug":"uz-tento-ctvrtek-nas-ceka-vyrocni-koncert-hraci-skrin-praha","status":"publish","type":"post","link":"https:\/\/musicbar.cz\/cs\/nezarazene\/uz-tento-ctvrtek-nas-ceka-vyrocni-koncert-hraci-skrin-praha\/","title":{"rendered":"U\u017e jste vid\u011bli nov\u00fd videoklip kapely Hrac\u00ed sk\u0159\u00ed\u0148 Praha?"},"content":{"rendered":"<p><object classid=\"clsid:d27cdb6e-ae6d-11cf-96b8-444553540000\" width=\"560\" height=\"315\" codebase=\"http:\/\/download.macromedia.com\/pub\/shockwave\/cabs\/flash\/swflash.cab#version=6,0,40,0\"><param name=\"allowFullScreen\" value=\"true\" \/><param name=\"allowscriptaccess\" value=\"always\" \/><param name=\"src\" value=\"http:\/\/www.youtube.com\/v\/jgC4T5eeG7E?version=3&amp;hl=cs_CZ\" \/><param name=\"allowfullscreen\" value=\"true\" \/><embed type=\"application\/x-shockwave-flash\" width=\"560\" height=\"315\" src=\"http:\/\/www.youtube.com\/v\/jgC4T5eeG7E?version=3&amp;hl=cs_CZ\" allowscriptaccess=\"always\" allowfullscreen=\"true\"><\/embed><\/object> <!--more--><\/p>\n<p><a href=\"http:\/\/www.musicbar.cz\/wp-content\/uploads\/2011\/11\/hraci_skrin_praha.jpg\"><img loading=\"lazy\" decoding=\"async\" class=\"alignleft size-full wp-image-2016\" title=\"hraci_skrin_praha_\" src=\"http:\/\/www.musicbar.cz\/wp-content\/uploads\/2011\/11\/hraci_skrin_praha_.jpg\" alt=\"\" width=\"170\" height=\"170\" srcset=\"https:\/\/storage.googleapis.com\/goout-wordpress-uploads\/musicbarcz\/2011\/11\/hraci_skrin_praha_.jpg 170w, https:\/\/storage.googleapis.com\/goout-wordpress-uploads\/musicbarcz\/2011\/11\/hraci_skrin_praha_-300x300.jpg 300w, https:\/\/storage.googleapis.com\/goout-wordpress-uploads\/musicbarcz\/2011\/11\/hraci_skrin_praha_-900x900.jpg 900w\" sizes=\"auto, (max-width: 170px) 100vw, 170px\" \/><\/a>Ve \u010dtvrtek 1.12. prob\u011bhl v Lucerna Music Baru u\u017e tradi\u010dn\u00ed v\u00fdro\u010dn\u00ed koncert kapely <strong>Hrac\u00ed sk\u0159\u00ed\u0148 Praha<\/strong>, kter\u00e1 je \u00fazce propojena s na\u0161\u00edm klubem a navazuje na dlouhou kabaretn\u00ed tradici tohoto prostoru. Hrac\u00ed sk\u0159\u00ed\u0148 je origin\u00e1ln\u00ed tuzemsk\u00fd jukebox pln\u00fd hit\u016f p\u0159ev\u00e1\u017en\u011b z 80. let. Na jejich akc\u00edch v\u00e1s ale v\u017edy \u010dekaj\u00ed i hodn\u011b netradi\u010dn\u00ed cover verze, host\u00e9 u mikrofonu, p\u0159evleky, projekce a hlavn\u011b hodn\u011b legrace! Leto\u0161n\u00ed koncert byl ve znamen\u00ed premi\u00e9ry zbrusu nov\u00e9ho origin\u00e1ln\u00edho videoklipu, kter\u00fd te\u010f m\u016f\u017eete zkouknout i online. Dejte n\u00e1m v\u011bd\u011bt n\u00ed\u017ee, jak se v\u00e1m l\u00edbi.<\/p>\n<p>www.hraciskrin.cz<\/p>\n","protected":false},"excerpt":{"rendered":"","protected":false},"author":6,"featured_media":0,"comment_status":"open","ping_status":"closed","sticky":false,"template":"","format":"standard","meta":{"_acf_changed":false,"footnotes":""},"categories":[1,404],"tags":[],"class_list":["post-2014","post","type-post","status-publish","format-standard","hentry","category-nezarazene","category-novinky"],"acf":[],"_links":{"self":[{"href":"https:\/\/musicbar.cz\/cs\/wp-json\/wp\/v2\/posts\/2014","targetHints":{"allow":["GET"]}}],"collection":[{"href":"https:\/\/musicbar.cz\/cs\/wp-json\/wp\/v2\/posts"}],"about":[{"href":"https:\/\/musicbar.cz\/cs\/wp-json\/wp\/v2\/types\/post"}],"author":[{"embeddable":true,"href":"https:\/\/musicbar.cz\/cs\/wp-json\/wp\/v2\/users\/6"}],"replies":[{"embeddable":true,"href":"https:\/\/musicbar.cz\/cs\/wp-json\/wp\/v2\/comments?post=2014"}],"version-history":[{"count":0,"href":"https:\/\/musicbar.cz\/cs\/wp-json\/wp\/v2\/posts\/2014\/revisions"}],"wp:attachment":[{"href":"https:\/\/musicbar.cz\/cs\/wp-json\/wp\/v2\/media?parent=2014"}],"wp:term":[{"taxonomy":"category","embeddable":true,"href":"https:\/\/musicbar.cz\/cs\/wp-json\/wp\/v2\/categories?post=2014"},{"taxonomy":"post_tag","embeddable":true,"href":"https:\/\/musicbar.cz\/cs\/wp-json\/wp\/v2\/tags?post=2014"}],"curies":[{"name":"wp","href":"https:\/\/api.w.org\/{rel}","templated":true}]}}