{"id":19839,"date":"2016-09-02T13:29:05","date_gmt":"2016-09-02T11:29:05","guid":{"rendered":"https:\/\/www.musicbar.cz\/?p=19839"},"modified":"2016-09-26T12:15:05","modified_gmt":"2016-09-26T10:15:05","slug":"barbora-polakova","status":"publish","type":"post","link":"https:\/\/musicbar.cz\/cs\/program\/barbora-polakova\/","title":{"rendered":"Barbora Pol\u00e1kov\u00e1 &#8211; VYPROD\u00c1NO"},"content":{"rendered":"<p>Dr\u017eitelka dvou cen And\u011bl za rok 2015 vystoup\u00ed \u017eiv\u011b se svou kapelou v r\u00e1mci sv\u00e9ho prvn\u00edho turn\u00e9 Kdo je tady v\u00edc ne\u017e ty. U\u017eij si ve\u010der pln\u00fd energie, radosti, neradosti i rafinovan\u00e9 nafrn\u011bnosti. A hlavn\u011b! Dozv\u00ed\u0161 se \u2013 \u017ee nikdo tady nen\u00ed v\u00edc ne\u017e ty..<\/p>\n<p>KONCERT JE VYPRODAN\u00dd<\/p>\n<p>Pro velk\u00fd z\u00e1jem byl p\u0159idan\u00fd druh\u00fd koncert 2. 11. &#8211; vstupenky ji\u017e v prodeji <a href=\"https:\/\/www.musicbar.cz\/program\/barbora-polakova-2\/\">ZDE<\/a>.<\/p>","protected":false},"excerpt":{"rendered":"<p>Dr\u017eitelka dvou cen And\u011bl za rok 2015 vystoup\u00ed \u017eiv\u011b se svou kapelou v r\u00e1mci sv\u00e9ho prvn\u00edho turn\u00e9 Kdo je tady v\u00edc ne\u017e ty. U\u017eij si ve\u010der pln\u00fd energie, radosti, neradosti i rafinovan\u00e9 nafrn\u011bnosti. A hlavn\u011b! Dozv\u00ed\u0161 se \u2013 \u017ee nikdo tady nen\u00ed v\u00edc ne\u017e ty.. KONCERT JE VYPRODAN\u00dd Pro velk\u00fd z\u00e1jem byl p\u0159idan\u00fd druh\u00fd koncert [&hellip;]<\/p>\n","protected":false},"author":6,"featured_media":0,"comment_status":"closed","ping_status":"closed","sticky":false,"template":"","format":"standard","meta":{"_acf_changed":false,"footnotes":""},"categories":[405],"tags":[418],"class_list":["post-19839","post","type-post","status-publish","format-standard","hentry","category-program","tag-pop"],"acf":[],"_links":{"self":[{"href":"https:\/\/musicbar.cz\/cs\/wp-json\/wp\/v2\/posts\/19839","targetHints":{"allow":["GET"]}}],"collection":[{"href":"https:\/\/musicbar.cz\/cs\/wp-json\/wp\/v2\/posts"}],"about":[{"href":"https:\/\/musicbar.cz\/cs\/wp-json\/wp\/v2\/types\/post"}],"author":[{"embeddable":true,"href":"https:\/\/musicbar.cz\/cs\/wp-json\/wp\/v2\/users\/6"}],"replies":[{"embeddable":true,"href":"https:\/\/musicbar.cz\/cs\/wp-json\/wp\/v2\/comments?post=19839"}],"version-history":[{"count":7,"href":"https:\/\/musicbar.cz\/cs\/wp-json\/wp\/v2\/posts\/19839\/revisions"}],"predecessor-version":[{"id":20080,"href":"https:\/\/musicbar.cz\/cs\/wp-json\/wp\/v2\/posts\/19839\/revisions\/20080"}],"wp:attachment":[{"href":"https:\/\/musicbar.cz\/cs\/wp-json\/wp\/v2\/media?parent=19839"}],"wp:term":[{"taxonomy":"category","embeddable":true,"href":"https:\/\/musicbar.cz\/cs\/wp-json\/wp\/v2\/categories?post=19839"},{"taxonomy":"post_tag","embeddable":true,"href":"https:\/\/musicbar.cz\/cs\/wp-json\/wp\/v2\/tags?post=19839"}],"curies":[{"name":"wp","href":"https:\/\/api.w.org\/{rel}","templated":true}]}}