{"id":18020,"date":"2016-01-20T19:05:26","date_gmt":"2016-01-20T17:05:26","guid":{"rendered":"http:\/\/www.musicbar.cz\/?p=18020"},"modified":"2016-03-10T09:42:35","modified_gmt":"2016-03-10T07:42:35","slug":"laura-a-jeji-tygri-30-let-krest-2cd","status":"publish","type":"post","link":"https:\/\/musicbar.cz\/cs\/program\/laura-a-jeji-tygri-30-let-krest-2cd\/","title":{"rendered":"Laura a jej\u00ed tyg\u0159i &#8211; 30 let &#8211; k\u0159est 2CD"},"content":{"rendered":"<p>\u010cern\u00e9 kravaty, b\u00edl\u00e9 ko\u0161ile, \u010dern\u00e9 br\u00fdle a kr\u00e1sn\u00e1 zp\u011bva\u010dka \u2013 Laura a jej\u00ed tyg\u0159i oslav\u00ed 30 let sv\u00e9 existence k\u0159tem jubilejn\u00edho dvoualba \u017d\u00e1r trv\u00e1\/Tov\u00e1rna na sny.<\/p>\n<p>Legenda \u010desk\u00e9 rockov\u00e9 sc\u00e9ny vystoup\u00ed na sv\u00e9 domovsk\u00e9 sc\u00e9n\u011b v pra\u017esk\u00e9m Lucerna Music Baru, jeho\u017e \u010dinnost zahajovala sv\u00fdm vystoupen\u00edm a ve kter\u00e9m odehr\u00e1la v\u011bt\u0161inu sv\u00fdch pra\u017esk\u00fdch koncert\u016f. Mimo\u0159\u00e1dn\u00fd koncert se ponese ve znamen\u00ed t\u0159\u00ed dek\u00e1d a div\u00e1ci se mohou t\u011b\u0161it na t\u0159\u00ed nejv\u00fdrazn\u011bj\u0161\u00ed zp\u011bva\u010dky, kter\u00e9 se vyst\u0159\u00eddaly na postu Laury \u2013 Ilonu Cs\u00e1kovou, Lenku Novou a sou\u010dasnou Lauru Lucii Bake\u0161ovou. V\u00fdro\u010dn\u00ed koncert bude z\u00e1rove\u0148 k\u0159tem dvoualba, kter\u00e9 spojuje legend\u00e1rn\u00ed debut \u017d\u00e1r trv\u00e1 a aktu\u00e1ln\u00ed novinku Tov\u00e1rna na sny. Mil\u00fdm hostem bude Petr Janda, kter\u00fd pok\u0159t\u00ed jubilejn\u00ed dvoualbum a tak\u00e9 si s Laurou zazp\u00edv\u00e1.<br \/>\n<\/p>","protected":false},"excerpt":{"rendered":"<p>\u010cern\u00e9 kravaty, b\u00edl\u00e9 ko\u0161ile, \u010dern\u00e9 br\u00fdle a kr\u00e1sn\u00e1 zp\u011bva\u010dka \u2013 Laura a jej\u00ed tyg\u0159i oslav\u00ed 30 let sv\u00e9 existence k\u0159tem jubilejn\u00edho dvoualba \u017d\u00e1r trv\u00e1\/Tov\u00e1rna na sny. Legenda \u010desk\u00e9 rockov\u00e9 sc\u00e9ny vystoup\u00ed na sv\u00e9 domovsk\u00e9 sc\u00e9n\u011b v pra\u017esk\u00e9m Lucerna Music Baru, jeho\u017e \u010dinnost zahajovala sv\u00fdm vystoupen\u00edm a ve kter\u00e9m odehr\u00e1la v\u011bt\u0161inu sv\u00fdch pra\u017esk\u00fdch koncert\u016f. Mimo\u0159\u00e1dn\u00fd koncert [&hellip;]<\/p>\n","protected":false},"author":6,"featured_media":0,"comment_status":"closed","ping_status":"closed","sticky":false,"template":"","format":"standard","meta":{"_acf_changed":false,"footnotes":""},"categories":[405],"tags":[408,418],"class_list":["post-18020","post","type-post","status-publish","format-standard","hentry","category-program","tag-funk","tag-pop"],"acf":[],"_links":{"self":[{"href":"https:\/\/musicbar.cz\/cs\/wp-json\/wp\/v2\/posts\/18020","targetHints":{"allow":["GET"]}}],"collection":[{"href":"https:\/\/musicbar.cz\/cs\/wp-json\/wp\/v2\/posts"}],"about":[{"href":"https:\/\/musicbar.cz\/cs\/wp-json\/wp\/v2\/types\/post"}],"author":[{"embeddable":true,"href":"https:\/\/musicbar.cz\/cs\/wp-json\/wp\/v2\/users\/6"}],"replies":[{"embeddable":true,"href":"https:\/\/musicbar.cz\/cs\/wp-json\/wp\/v2\/comments?post=18020"}],"version-history":[{"count":6,"href":"https:\/\/musicbar.cz\/cs\/wp-json\/wp\/v2\/posts\/18020\/revisions"}],"predecessor-version":[{"id":18560,"href":"https:\/\/musicbar.cz\/cs\/wp-json\/wp\/v2\/posts\/18020\/revisions\/18560"}],"wp:attachment":[{"href":"https:\/\/musicbar.cz\/cs\/wp-json\/wp\/v2\/media?parent=18020"}],"wp:term":[{"taxonomy":"category","embeddable":true,"href":"https:\/\/musicbar.cz\/cs\/wp-json\/wp\/v2\/categories?post=18020"},{"taxonomy":"post_tag","embeddable":true,"href":"https:\/\/musicbar.cz\/cs\/wp-json\/wp\/v2\/tags?post=18020"}],"curies":[{"name":"wp","href":"https:\/\/api.w.org\/{rel}","templated":true}]}}