{"id":16966,"date":"2015-10-16T11:02:31","date_gmt":"2015-10-16T09:02:31","guid":{"rendered":"http:\/\/www.musicbar.cz\/?p=16966"},"modified":"2015-12-15T11:52:46","modified_gmt":"2015-12-15T09:52:46","slug":"zrni-korben-dallas-sk-dvojkrest-cd","status":"publish","type":"post","link":"https:\/\/musicbar.cz\/cs\/program\/zrni-korben-dallas-sk-dvojkrest-cd\/","title":{"rendered":"Zrn\u00ed &#038; Korben Dallas \/ SK &#8211; Dvojk\u0159est CD"},"content":{"rendered":"<p>Ned\u00e1vno se ob\u011bma kapel\u00e1m dostalo stejn\u00e9 pocty, a to na nejpresti\u017en\u011bj\u0161\u00edm festivalu ve sv\u00e9 zemi, kdy odehr\u00e1li koncert v doprovodu symfonick\u00e9ho orchestru. Zrn\u00ed vystoupili na hlavn\u00edm p\u00f3diu festivalu Colours of Ostrava s Jan\u00e1\u010dkovou filharmoni\u00ed Ostrava, Korben Dallas zahr\u00e1li na festivalu Ba\u017eant Pohoda spolu se Symfonick\u00fdm orchestrem Slovensk\u00e9ho rozhlasu v programu Korben Dallas Symphony. Nyn\u00ed se od symfonick\u00fdch orchestr\u016f navracej\u00ed zp\u00e1tky do klub\u016f, kdy se na z\u00e1klad\u011b pozitivn\u00edch zku\u0161enost\u00ed rozhodli op\u011bt spojit s\u00edly pro podzimn\u00ed turn\u00e9.<\/p>\n<p>Zrn\u00ed na koncert\u011b pok\u0159t\u00ed \u017eiv\u00e9 album, kter\u00e9 vzniklo na akustick\u00e9m koncert\u011b v l\u00e9t\u011b na St\u0159eleck\u00e9m ostrov\u011b v Praze. Album bude k dost\u00e1n\u00ed v limitovan\u00e9 edici pouze na koncertech kapely. Poprv\u00e9 k dost\u00e1n\u00ed pr\u00e1v\u011b na tomto koncert\u011b. Jedn\u00e1 se o v\u016fbec prvn\u00ed vydan\u00fd z\u00e1znam \u017eiv\u00e9ho vystoupen\u00ed v historii skupiny.<\/p>\n<p>Korben Dallas pok\u0159t\u00ed album s n\u00e1zvem Kam ideme, kter\u00e9 nato\u010dili spolu se Symfonick\u00fdm orchestrem Slovensk\u00e9ho rozhlasu. Album obsahuje p\u00edsn\u011b Korben Dallas v upraven\u00e9m aran\u017em\u00e1 pro velk\u00fd orchestr plus dv\u011b zcela nov\u00e9 p\u00edsn\u011b. V p\u00edsni Sen hostuje Aneta Langerov\u00e1.<\/p>\n<p>Line up:<br \/>\n19:30 &#8211; open doors<br \/>\n20:30 &#8211; Korben Dallas<br \/>\n21:45 \u2013 Zrn\u00ed<\/p>","protected":false},"excerpt":{"rendered":"<p>Ned\u00e1vno se ob\u011bma kapel\u00e1m dostalo stejn\u00e9 pocty, a to na nejpresti\u017en\u011bj\u0161\u00edm festivalu ve sv\u00e9 zemi, kdy odehr\u00e1li koncert v doprovodu symfonick\u00e9ho orchestru. Zrn\u00ed vystoupili na hlavn\u00edm p\u00f3diu festivalu Colours of Ostrava s Jan\u00e1\u010dkovou filharmoni\u00ed Ostrava, Korben Dallas zahr\u00e1li na festivalu Ba\u017eant Pohoda spolu se Symfonick\u00fdm orchestrem Slovensk\u00e9ho rozhlasu v programu Korben Dallas Symphony. Nyn\u00ed se [&hellip;]<\/p>\n","protected":false},"author":6,"featured_media":0,"comment_status":"closed","ping_status":"closed","sticky":false,"template":"","format":"standard","meta":{"_acf_changed":false,"footnotes":""},"categories":[405],"tags":[426,416],"class_list":["post-16966","post","type-post","status-publish","format-standard","hentry","category-program","tag-folk","tag-world"],"acf":[],"_links":{"self":[{"href":"https:\/\/musicbar.cz\/cs\/wp-json\/wp\/v2\/posts\/16966","targetHints":{"allow":["GET"]}}],"collection":[{"href":"https:\/\/musicbar.cz\/cs\/wp-json\/wp\/v2\/posts"}],"about":[{"href":"https:\/\/musicbar.cz\/cs\/wp-json\/wp\/v2\/types\/post"}],"author":[{"embeddable":true,"href":"https:\/\/musicbar.cz\/cs\/wp-json\/wp\/v2\/users\/6"}],"replies":[{"embeddable":true,"href":"https:\/\/musicbar.cz\/cs\/wp-json\/wp\/v2\/comments?post=16966"}],"version-history":[{"count":7,"href":"https:\/\/musicbar.cz\/cs\/wp-json\/wp\/v2\/posts\/16966\/revisions"}],"predecessor-version":[{"id":17796,"href":"https:\/\/musicbar.cz\/cs\/wp-json\/wp\/v2\/posts\/16966\/revisions\/17796"}],"wp:attachment":[{"href":"https:\/\/musicbar.cz\/cs\/wp-json\/wp\/v2\/media?parent=16966"}],"wp:term":[{"taxonomy":"category","embeddable":true,"href":"https:\/\/musicbar.cz\/cs\/wp-json\/wp\/v2\/categories?post=16966"},{"taxonomy":"post_tag","embeddable":true,"href":"https:\/\/musicbar.cz\/cs\/wp-json\/wp\/v2\/tags?post=16966"}],"curies":[{"name":"wp","href":"https:\/\/api.w.org\/{rel}","templated":true}]}}