{"id":16709,"date":"2015-09-09T14:50:38","date_gmt":"2015-09-09T12:50:38","guid":{"rendered":"http:\/\/www.musicbar.cz\/?p=16709"},"modified":"2015-09-10T12:00:53","modified_gmt":"2015-09-10T10:00:53","slug":"koncert-miru","status":"publish","type":"post","link":"https:\/\/musicbar.cz\/cs\/program\/koncert-miru\/","title":{"rendered":"Koncert m\u00edru"},"content":{"rendered":"<p>Zululand Gospel Choir (JAR) &#038; Lucie Nozizwe (CZ)<br \/>\nSpecial guests: Fireson Bantu a DJ Lazer (KEN)<\/p>\n<p>Ve st\u0159edu 30. z\u00e1\u0159\u00ed prob\u011bhne v pra\u017esk\u00e9m Lucerna Music Baru velk\u00fd hudebn\u00ed ve\u010der jm\u00e9nem Koncert m\u00edru. Tato akce je sou\u010d\u00e1st\u00ed multikulturn\u00ed spolupr\u00e1ce, kter\u00e1 reflektuje aktu\u00e1ln\u00ed d\u011bn\u00ed ve sv\u011bt\u011b a chce podpo\u0159it pozitivn\u00edm zp\u016fsobem n\u00e1ladu ve spole\u010dnosti. Po\u0159adatel\u00e9 tak reaguj\u00ed nejen na strach vyvolan\u00fd migrac\u00ed uprchl\u00edk\u016f, ale tak\u00e9 poukazuj\u00ed na to, \u017ee pr\u00e1v\u011b te\u010f je velmi d\u016fle\u017eit\u00e9 hledat porozum\u011bn\u00ed a navz\u00e1jem si pom\u00e1hat bez ohledu na p\u016fvod, barvu k\u016f\u017ee nebo n\u00e1bo\u017eenstv\u00ed. T\u00edmto koncertem cht\u011bj\u00ed v\u0161ichni z\u00fa\u010dastn\u011bn\u00ed um\u011blci podpo\u0159it a prost\u0159ednictv\u00edm hudby \u0161\u00ed\u0159it my\u0161lenku l\u00e1sky, tolerance a m\u00edru.<\/p>\n<p>V r\u00e1mci tohoto ve\u010dera prob\u011bhne sv\u011btov\u00e1 premi\u00e9ra spole\u010dn\u00e9ho projektu \u201eVe jm\u00e9nu l\u00e1sky aneb hudbou pro v\u00edce tolerance\u201c, kter\u00fd vznikl mezi muzikanty z \u010cech a Jihoafrick\u00e9 republiky. Zululand Gospel Choir zalo\u017eili v roce 2006 p\u00e1nov\u00e9 Franklyn Mkhize a Alfred Banda a tvo\u0159\u00ed jej dvacet v\u00fdjime\u010dn\u00fdch zp\u011bv\u00e1k\u016f ve v\u011bku od 18 do 35 let p\u0159ev\u00e1\u017en\u011b z chud\u00fdch oblast\u00ed Kwazulu Natal, kter\u00fdm zp\u011bv doslova zachr\u00e1nil \u017eivot. Spole\u010dn\u011b s nimi p\u0159ilet\u00ed na evropsk\u00e9 turn\u00e9 tak\u00e9 jejich p\u011bti\u010dlenn\u00e1 kapela. Z p\u016fvodn\u011b nezn\u00e1m\u00e9ho sboru se b\u011bhem n\u011bkolika let stalo seskupen\u00ed, kter\u00e9 je dnes jedn\u00edm z nejzn\u00e1m\u011bj\u0161\u00edch v Jihoafrick\u00e9 republice. Lucie Nozizwe, \u010desk\u00e1 zp\u011bva\u010dka, kter\u00e1 na na\u0161\u00ed sc\u00e9n\u011b ji\u017e mnoho let propaguje africk\u00e9 rytmy. V jej\u00edm reperto\u00e1ru usly\u0161\u00edte jak tradi\u010dn\u00ed africk\u00e9 p\u00edsn\u011b, tak i skladby zp\u011bva\u010dky a bojovnice za lidsk\u00e1 pr\u00e1va Miriam Makeby p\u0159ezd\u00edvan\u00e9 \u201eMama Africa\u201c. Lucie Nozizwe zp\u00edv\u00e1 v jazyc\u00edch Zulu, Xhosa i dal\u0161\u00edch africk\u00fdch n\u00e1\u0159e\u010d\u00edch a se sv\u00fdm dosavadn\u00edm projektem \u201eHudba z nitra Afriky\u201c se sna\u017e\u00ed mimo jin\u00e9 sezn\u00e1mit \u0161irokou ve\u0159ejnost s d\u016fle\u017eitost\u00ed vzd\u011bl\u00e1v\u00e1n\u00ed d\u011bt\u00ed v Africe.<\/p>\n<p>Mezi dal\u0161\u00edmi hosty ve\u010dera se objev\u00ed tak\u00e9 Fireson Bantu, kter\u00e9ho p\u0159edev\u0161\u00edm dob\u0159e znaj\u00ed milovn\u00edci reggae u n\u00e1s i na africk\u00e9m kontinentu, a tak\u00e9 DJ Lazer z Keni, kter\u00fd rozeh\u0159eje atmosf\u00e9ru p\u0159ed koncertem a postar\u00e1 se i o afterparty. <\/p>\n<p>Koncert prob\u011bhne za podpory Jihoafrick\u00e9ho velvyslanectv\u00ed a ostatn\u00edch africk\u00fdch ambas\u00e1d v Praze, \u00da\u0159adu vl\u00e1dy \u010cR, kampan\u011b proti rasismu a n\u00e1sil\u00ed z nen\u00e1visti, N\u00e1rodn\u00ed Loterijn\u00ed Komise jihoafrick\u00e9 republiky, nadace pro sv\u011btov\u00fd m\u00edr Sivanda World Peace Foundation a klubu Lucerna Music Bar.<\/p>","protected":false},"excerpt":{"rendered":"<p>Zululand Gospel Choir (JAR) &#038; Lucie Nozizwe (CZ) Special guests: Fireson Bantu a DJ Lazer (KEN) Ve st\u0159edu 30. z\u00e1\u0159\u00ed prob\u011bhne v pra\u017esk\u00e9m Lucerna Music Baru velk\u00fd hudebn\u00ed ve\u010der jm\u00e9nem Koncert m\u00edru. Tato akce je sou\u010d\u00e1st\u00ed multikulturn\u00ed spolupr\u00e1ce, kter\u00e1 reflektuje aktu\u00e1ln\u00ed d\u011bn\u00ed ve sv\u011bt\u011b a chce podpo\u0159it pozitivn\u00edm zp\u016fsobem n\u00e1ladu ve spole\u010dnosti. Po\u0159adatel\u00e9 tak reaguj\u00ed [&hellip;]<\/p>\n","protected":false},"author":6,"featured_media":0,"comment_status":"closed","ping_status":"closed","sticky":false,"template":"","format":"standard","meta":{"_acf_changed":false,"footnotes":""},"categories":[405],"tags":[416],"class_list":["post-16709","post","type-post","status-publish","format-standard","hentry","category-program","tag-world"],"acf":[],"_links":{"self":[{"href":"https:\/\/musicbar.cz\/cs\/wp-json\/wp\/v2\/posts\/16709","targetHints":{"allow":["GET"]}}],"collection":[{"href":"https:\/\/musicbar.cz\/cs\/wp-json\/wp\/v2\/posts"}],"about":[{"href":"https:\/\/musicbar.cz\/cs\/wp-json\/wp\/v2\/types\/post"}],"author":[{"embeddable":true,"href":"https:\/\/musicbar.cz\/cs\/wp-json\/wp\/v2\/users\/6"}],"replies":[{"embeddable":true,"href":"https:\/\/musicbar.cz\/cs\/wp-json\/wp\/v2\/comments?post=16709"}],"version-history":[{"count":4,"href":"https:\/\/musicbar.cz\/cs\/wp-json\/wp\/v2\/posts\/16709\/revisions"}],"predecessor-version":[{"id":16730,"href":"https:\/\/musicbar.cz\/cs\/wp-json\/wp\/v2\/posts\/16709\/revisions\/16730"}],"wp:attachment":[{"href":"https:\/\/musicbar.cz\/cs\/wp-json\/wp\/v2\/media?parent=16709"}],"wp:term":[{"taxonomy":"category","embeddable":true,"href":"https:\/\/musicbar.cz\/cs\/wp-json\/wp\/v2\/categories?post=16709"},{"taxonomy":"post_tag","embeddable":true,"href":"https:\/\/musicbar.cz\/cs\/wp-json\/wp\/v2\/tags?post=16709"}],"curies":[{"name":"wp","href":"https:\/\/api.w.org\/{rel}","templated":true}]}}