{"id":16061,"date":"2015-06-09T12:41:49","date_gmt":"2015-06-09T10:41:49","guid":{"rendered":"http:\/\/www.musicbar.cz\/?p=16061"},"modified":"2015-06-16T14:47:52","modified_gmt":"2015-06-16T12:47:52","slug":"koncert-pro-nepal","status":"publish","type":"post","link":"https:\/\/musicbar.cz\/cs\/program\/koncert-pro-nepal\/","title":{"rendered":"Koncert pro Nep\u00e1l"},"content":{"rendered":"<p>Cestovn\u00ed kancel\u00e1\u0159 Livingstone se rozhodla uspo\u0159\u00e1dat hned n\u011bkolik benefi\u010dn\u00edch koncert\u016f na podporu Nep\u00e1lu, kter\u00fd zas\u00e1hlo ni\u010div\u00e9 zem\u011bt\u0159esen\u00ed. Pomozte i vy a p\u0159idejte se ke sb\u00edrce Namaste Nep\u00e1l. \u0160anci budete m\u00edt ve st\u0159edu 24. \u010dervna v Lucerna Music Baru, kde vystoup\u00ed spousta zaj\u00edmav\u00fdch jmen z dom\u00e1c\u00ed sc\u00e9ny.<\/p>\n<p>M\u016f\u017eete se t\u011b\u0161it na:<br \/>\nMichal Hr\u016fza v doprovodu sli\u010dn\u00e9 Kl\u00e1ry Vytiskov\u00e9, Michal Pelant s hostem Davidem Kollerem, sou\u010dasn\u011b let\u00edc\u00ed hudebn\u00ed kometa skupina Jelen, d\u00e1le Support Lesbiens, Lenka Nov\u00e1, Stroy, Honza Homola z Wohnout. V programu se d\u00e1le p\u0159edstav\u00ed Michal Pavl\u00ed\u010dek s Monikou Na\u010devou, Michal Prokop v triu s Lubo\u0161em Andr\u0161tem a Janem Hrub\u00fdm a nezapomenuteln\u00fd \u201chlas\u201c &#8211; Ivan Hlas s Norbi Kov\u00e1csem. V programu nem\u016f\u017ee b\u00fdt p\u0159ehl\u00e9dnuta nep\u00e1lsk\u00e1 a indick\u00e1 muzika. Sv\u016fj program p\u0159edstav\u00ed exotick\u00e9 Papia Ghoshal z dalek\u00e9 indick\u00e9 Kalkaty, prostory roztan\u010d\u00ed hravost\u00ed barevn\u00e9 Om dance academy. Jedn\u00edm z vrchol\u016f op\u011bt bude vystoupen\u00ed Nep\u00e1lsk\u00fdch tane\u010dnic a hudebn\u00edk\u016f. S aktu\u00e1ln\u00ed situac\u00ed v Nep\u00e1lu n\u00e1s prom\u00edt\u00e1n\u00edm sezn\u00e1m\u00ed Tom\u00e1\u0161 Ber\u00e1nek a Bambusov\u00e1 \u0161kola Mela z NAMASTE NEP\u00c1L a Jarom\u00edr Marek \u2013 \u010cRo Radio\u017eurn\u00e1l. Koncert moderuje Lenny Tr\u010dkov\u00e1.<\/p>\n<p>Benefi\u010dn\u00edmi koncerty p\u0159isp\u011bjeme prost\u0159ednictv\u00edm sdru\u017een\u00ed Namast\u00e9 Nep\u00e1l na humanit\u00e1rn\u00ed sb\u00edrku ur\u010denou na podporu obyvatel nep\u00e1lsk\u00e9ho venkova, kter\u00e9 postihlo katastrof\u00e1ln\u00ed zem\u011bt\u0159esen\u00ed. Sb\u00edrka je c\u00edlena na obnovu vesnic a pomoc rodin\u00e1m v oblasti Kosidekha, asi 40 km v\u00fdchodn\u011b od K\u00e1thm\u00e1nd\u00fa. Mnoh\u00e9 domy jsou v trosk\u00e1ch\u2026.<br \/>\nP\u0159\u00edsp\u011bvky lze zas\u00edlat na \u00fa\u010det \u010d. 129 929 929 \/ 0600 variabiln\u00ed symbol 1234.<\/p>\n<p>Vstupenky na koncert po\u0159\u00edd\u00edte v s\u00edti <a href=\"https:\/\/www.ticketportal.cz\/event.aspx?id=-194975\" target=\"_blank\">Ticketportal<\/a> a na pokladn\u011b Lucerna Music Baru za 300 K\u010d.<\/p>","protected":false},"excerpt":{"rendered":"<p>Cestovn\u00ed kancel\u00e1\u0159 Livingstone se rozhodla uspo\u0159\u00e1dat hned n\u011bkolik benefi\u010dn\u00edch koncert\u016f na podporu Nep\u00e1lu, kter\u00fd zas\u00e1hlo ni\u010div\u00e9 zem\u011bt\u0159esen\u00ed. Pomozte i vy a p\u0159idejte se ke sb\u00edrce Namaste Nep\u00e1l. \u0160anci budete m\u00edt ve st\u0159edu 24. \u010dervna v Lucerna Music Baru, kde vystoup\u00ed spousta zaj\u00edmav\u00fdch jmen z dom\u00e1c\u00ed sc\u00e9ny. M\u016f\u017eete se t\u011b\u0161it na: Michal Hr\u016fza v doprovodu sli\u010dn\u00e9 [&hellip;]<\/p>\n","protected":false},"author":6,"featured_media":0,"comment_status":"closed","ping_status":"closed","sticky":false,"template":"","format":"standard","meta":{"_acf_changed":false,"footnotes":""},"categories":[405],"tags":[],"class_list":["post-16061","post","type-post","status-publish","format-standard","hentry","category-program"],"acf":[],"_links":{"self":[{"href":"https:\/\/musicbar.cz\/cs\/wp-json\/wp\/v2\/posts\/16061","targetHints":{"allow":["GET"]}}],"collection":[{"href":"https:\/\/musicbar.cz\/cs\/wp-json\/wp\/v2\/posts"}],"about":[{"href":"https:\/\/musicbar.cz\/cs\/wp-json\/wp\/v2\/types\/post"}],"author":[{"embeddable":true,"href":"https:\/\/musicbar.cz\/cs\/wp-json\/wp\/v2\/users\/6"}],"replies":[{"embeddable":true,"href":"https:\/\/musicbar.cz\/cs\/wp-json\/wp\/v2\/comments?post=16061"}],"version-history":[{"count":6,"href":"https:\/\/musicbar.cz\/cs\/wp-json\/wp\/v2\/posts\/16061\/revisions"}],"predecessor-version":[{"id":16169,"href":"https:\/\/musicbar.cz\/cs\/wp-json\/wp\/v2\/posts\/16061\/revisions\/16169"}],"wp:attachment":[{"href":"https:\/\/musicbar.cz\/cs\/wp-json\/wp\/v2\/media?parent=16061"}],"wp:term":[{"taxonomy":"category","embeddable":true,"href":"https:\/\/musicbar.cz\/cs\/wp-json\/wp\/v2\/categories?post=16061"},{"taxonomy":"post_tag","embeddable":true,"href":"https:\/\/musicbar.cz\/cs\/wp-json\/wp\/v2\/tags?post=16061"}],"curies":[{"name":"wp","href":"https:\/\/api.w.org\/{rel}","templated":true}]}}