{"id":14584,"date":"2015-01-02T09:19:46","date_gmt":"2015-01-02T07:19:46","guid":{"rendered":"http:\/\/www.musicbar.cz\/?p=14584"},"modified":"2014-12-31T16:43:47","modified_gmt":"2014-12-31T14:43:47","slug":"kapely-nebe-a-jelen-zahraji-v-unoru-spolecny-koncert","status":"publish","type":"post","link":"https:\/\/musicbar.cz\/cs\/novinky\/kapely-nebe-a-jelen-zahraji-v-unoru-spolecny-koncert\/","title":{"rendered":"Kapely Nebe a Jelen zahraj\u00ed v \u00fanoru spole\u010dn\u00fd koncert"},"content":{"rendered":"<p>Aktu\u00e1ln\u00ed objevy \u010desk\u00e9 hudebn\u00ed sc\u00e9ny \u2013 kapely Nebe a Jelen &#8211; posledn\u00ed dobou potvrzuj\u00ed, \u017ee kvalitn\u00ed \u010desk\u00e1 hudba, p\u016fsobiv\u00e9 texty a siln\u00e9 melodie maj\u00ed st\u00e1le pevn\u00e9 m\u00edsto na hudebn\u00edm poli. Nebe a Jelen sv\u00e9 s\u00edly nyn\u00ed spojili a na ja\u0159e 2015 vyjedou na spole\u010dn\u00e9 klubov\u00e9 turn\u00e9. 19. \u00fanora v Lucerna Music Baru budou m\u00edt poslucha\u010di skv\u011blou p\u0159\u00edle\u017eitost za\u017e\u00edt live vystoupen\u00ed kapel, kter\u00e9 spojuje hudba pln\u00e1 energie a emoc\u00ed, siln\u00e9 melodie, \u010desk\u00e9 texty &#8222;o n\u011b\u010dem\u201c skv\u011bl\u00e9 interpretace a zku\u0161enosti z hudebn\u00edch festival\u016f a koncert\u016f. Hity jako Vte\u0159ina, Ne\u017e se rozedn\u00ed, Pad\u00e1ky, Magdal\u00e9na, Co bylo d\u00e1l?, Jelen a dal\u0161\u00ed singly, kter\u00e9 u\u017e zn\u00e1te z r\u00e1diov\u00e9ho \u00e9teru, rozhodn\u011b chyb\u011bt nebudou!<\/p>\n<p>\u201eS klukama z Nebe jsme se potk\u00e1vali v l\u00e9t\u011b v \u0161atn\u00e1ch na fes\u0165\u00e1c\u00edch, v\u017edycky to byla sranda a n\u011bkde tam vzniknul n\u00e1pad na spole\u010dnou tour. V\u0161ichni m\u00e1me hroznou radost z toho, \u017ee se to nakonec fakt povedlo zorganizovat a u\u017e se nem\u016f\u017eeme do\u010dkat, a\u017e sedneme do dod\u00e1vky, zajamujem si na p\u00f3diu a uvid\u00edme se s fanou\u0161kama, bude to par\u00e1dn\u00ed mejdan,\u201c t\u011b\u0161\u00ed se Jindra Pol\u00e1k, frontman kapely Jelen.<\/p>\n<p>\u201ePro n\u00e1s bude \u0161\u0148\u016fra po klubech zkou\u0161ka ohn\u011bm. Hrajeme spolu u\u017e 10 let, m\u00e1me za sebou dv\u011b desky a zku\u0161enosti z velk\u00fdch i mal\u00fdch p\u00f3di\u00ed a jsme zv\u011bdav\u00ed, kolik na n\u00e1s p\u0159ijde lid\u00ed. Na\u0161e kulat\u00e9 narozeniny nem\u016f\u017eeme oslavit l\u00e9pe, ne\u017e s na\u0161imi fanou\u0161ky a po boku parti\u010dky Jelen, kter\u00e1 je n\u00e1m velmi bl\u00edzk\u00e1. V dob\u011b, kdy koncerty vyprod\u00e1v\u00e1 jen hrstka \u010desk\u00fdch a slovensk\u00fdch interpret\u016f, jsme moc vd\u011b\u010dn\u00ed za to, \u017ee m\u016f\u017eeme tuto \u0161\u0148\u016fru jet, za co\u017e chceme moc pod\u011bkovat na\u0161emu labelu Universal Music a v\u0161em dal\u0161\u00edm partner\u016fm, kte\u0159\u00ed n\u00e1m k tomu pomohli,\u201c \u0159\u00edk\u00e1 Petr Harazin, frontman kapely Nebe.<\/p>\n<p>Speci\u00e1ln\u00edm hostem cel\u00e9 tour bude talentovan\u00e1 p\u00edsni\u010dk\u00e1\u0159ka Kate\u0159ina Marie Tich\u00e1.<\/p>\n<p>Vstupenky v p\u0159edprodeji za cenu 180 K\u010d + poplatky po\u0159\u00edd\u00edte na pokladn\u011b Lucerna Music Baru (bez poplatk\u016f), na webu Lucerna Music Baru a v p\u0159edprodejn\u00edch s\u00edt\u00edch GoOut.cz, Ticketpro, Ticketportal a Eventim.<\/p>\n<p>NEBE BIO<br \/>\nV\u00fdrazn\u00fd objev \u010desk\u00e9 hudebn\u00ed sc\u00e9ny, kapela Nebe, vydala koncem kv\u011btna svoji druhou studiovou desku \u201eNe\u017e se rozedn\u00ed\u201c, kterou avizoval stejnojmenn\u00fd \u00fasp\u011b\u0161n\u00fd hit. Ten se stejn\u011b jako pr\u016flomov\u00fd hit \u201eVte\u0159ina\u201c za\u0159adil na p\u0159edn\u00ed p\u0159\u00ed\u010dky v \u010desk\u00e9m \u00e9teru. Jejich sv\u011b\u017e\u00ed sound, p\u016fsobiv\u00e9 texty a st\u00e1le p\u0159esv\u011bd\u010div\u011bj\u0161\u00ed vystoupen\u00ed oslovuj\u00ed \u010d\u00edm d\u00e1l v\u00edce fanou\u0161k\u016f, co\u017e sv\u011bd\u010d\u00ed o tom, \u017ee se kapela vydala spr\u00e1vn\u00fdm sm\u011brem, a z nebe na zem asi jen tak nespadne. Dle v\u0161ech ukazatel\u016f hav\u00ed\u0159ovsk\u00e1 p\u011btice u\u017e te\u010f potvrzuje, \u017ee se nejedn\u00e1 o \u017e\u00e1dnou rychlokva\u0161ku, ale \u017ee se tu rod\u00ed potencion\u00e1ln\u00ed n\u00e1sledn\u00edk rodu na\u0161ich dom\u00e1c\u00edch poprockov\u00fdch veli\u010din (Chinaski, No Name, Kry\u0161tof, Mandrage), se kter\u00fdm nutno po\u010d\u00edtat<\/p>\n<p>JELEN BIO<br \/>\nSympatick\u00e1 akustick\u00e1 kapela, kter\u00e1 se v dob\u011b \u201ev\u00edt\u011bzstv\u00ed techniky nad \u010dlov\u011bkem\u201c vrac\u00ed k samotn\u00fdm ko\u0159en\u016fm hudby. Nejedn\u00e1 se ale o klasick\u00fd \u010desk\u00fd folk, ale sympatickou kombinaci popu, poezie a lidovosti. Tedy v\u0161e, co klasick\u00e9mu \u010desk\u00e9mu poslucha\u010di imponuje. Hudba pln\u00e1 energie a emoc\u00ed, jejich\u017e z\u00e1kladem je v\u017edy siln\u00e1 melodie, texty \u201eo n\u011b\u010dem\u201c a skv\u011bl\u00e1 interpretace oslovuje \u010d\u00edm d\u00e1l t\u00edm v\u00edc fanou\u0161k\u016f a poslucha\u010d\u016f. Debutov\u00e9 album \u201eSv\u011btlo ve tm\u011b\u201c, kter\u00e9 vydala kapela v kv\u011btnu leto\u0161n\u00edho roku, usp\u011blo u kritiky i u fanou\u0161k\u016f a Jeleni na n\u011bj nav\u00e1zali svoj\u00ed prvn\u00ed koncertn\u00ed sez\u00f3nou b\u011bhem n\u00ed\u017e vystoupili na v\u00edce ne\u017e 70 festivalech a samostatn\u00fdch koncertech. Co\u017e je na prvn\u00ed rok p\u016fsoben\u00ed na hudebn\u00ed sc\u00e9n\u011b v\u00edce ne\u017e skv\u011bl\u00fd za\u010d\u00e1tek a u\u017e dnes se d\u00e1 kapela pova\u017eovat za Objev roku (ostatn\u011b to potvrzuje i nominace v anket\u011b \u010cesk\u00fd Slav\u00edk). Krom toho se b\u011bhem leto\u0161n\u00ed zimy p\u0159edstavuj\u00ed jako host Divok\u00fdho Billa na jejich podzimn\u00edm turn\u00e9. Po \u00fasp\u011b\u0161n\u00fdch skladb\u00e1ch \u201eTan\u010d\u00edme spolu\u201c a \u201eMagdal\u00e9na\u201c p\u0159i\u0161li Jeleni se t\u0159et\u00edm singlem \u201eCo bylo d\u00e1l?\u201c, na kter\u00fd si p\u0159izvali nejslavn\u011bj\u0161\u00ed slovenskou zp\u011bva\u010dku Janu Kirschner. Sta\u010d\u00ed opravdu jen jeden poslech a nespoutan\u00e9 energii Jelen\u016f zcela podlehnete.<\/p>","protected":false},"excerpt":{"rendered":"<p>Aktu\u00e1ln\u00ed objevy \u010desk\u00e9 hudebn\u00ed sc\u00e9ny \u2013 kapely Nebe a Jelen &#8211; posledn\u00ed dobou potvrzuj\u00ed, \u017ee kvalitn\u00ed \u010desk\u00e1 hudba, p\u016fsobiv\u00e9 texty a siln\u00e9 melodie maj\u00ed st\u00e1le pevn\u00e9 m\u00edsto na hudebn\u00edm poli. Nebe a Jelen sv\u00e9 s\u00edly nyn\u00ed spojili a na ja\u0159e 2015 vyjedou na spole\u010dn\u00e9 klubov\u00e9 turn\u00e9. 19. \u00fanora v Lucerna Music Baru budou m\u00edt poslucha\u010di [&hellip;]<\/p>\n","protected":false},"author":6,"featured_media":0,"comment_status":"closed","ping_status":"closed","sticky":false,"template":"","format":"standard","meta":{"_acf_changed":false,"footnotes":""},"categories":[404],"tags":[],"class_list":["post-14584","post","type-post","status-publish","format-standard","hentry","category-novinky"],"acf":[],"_links":{"self":[{"href":"https:\/\/musicbar.cz\/cs\/wp-json\/wp\/v2\/posts\/14584","targetHints":{"allow":["GET"]}}],"collection":[{"href":"https:\/\/musicbar.cz\/cs\/wp-json\/wp\/v2\/posts"}],"about":[{"href":"https:\/\/musicbar.cz\/cs\/wp-json\/wp\/v2\/types\/post"}],"author":[{"embeddable":true,"href":"https:\/\/musicbar.cz\/cs\/wp-json\/wp\/v2\/users\/6"}],"replies":[{"embeddable":true,"href":"https:\/\/musicbar.cz\/cs\/wp-json\/wp\/v2\/comments?post=14584"}],"version-history":[{"count":3,"href":"https:\/\/musicbar.cz\/cs\/wp-json\/wp\/v2\/posts\/14584\/revisions"}],"predecessor-version":[{"id":14587,"href":"https:\/\/musicbar.cz\/cs\/wp-json\/wp\/v2\/posts\/14584\/revisions\/14587"}],"wp:attachment":[{"href":"https:\/\/musicbar.cz\/cs\/wp-json\/wp\/v2\/media?parent=14584"}],"wp:term":[{"taxonomy":"category","embeddable":true,"href":"https:\/\/musicbar.cz\/cs\/wp-json\/wp\/v2\/categories?post=14584"},{"taxonomy":"post_tag","embeddable":true,"href":"https:\/\/musicbar.cz\/cs\/wp-json\/wp\/v2\/tags?post=14584"}],"curies":[{"name":"wp","href":"https:\/\/api.w.org\/{rel}","templated":true}]}}