{"id":14369,"date":"2014-12-10T22:06:48","date_gmt":"2014-12-10T20:06:48","guid":{"rendered":"http:\/\/www.musicbar.cz\/?p=14369"},"modified":"2014-12-16T19:45:10","modified_gmt":"2014-12-16T17:45:10","slug":"jarek-nohavica-prijede-v-lednu-do-lucerna-music-baru","status":"publish","type":"post","link":"https:\/\/musicbar.cz\/cs\/novinky\/jarek-nohavica-prijede-v-lednu-do-lucerna-music-baru\/","title":{"rendered":"Jarek Nohavica p\u0159ijede v lednu do Lucerna Music Baru!"},"content":{"rendered":"<p>S\u00f3lov\u00fd recit\u00e1l jednoho z na\u0161ich nejzn\u00e1m\u011bj\u0161\u00edch p\u00edsni\u010dk\u00e1\u0159\u016f s kytarou a heligonkou sestaven\u00fd nejen ze zn\u00e1m\u00fdch p\u00edsn\u00ed, ale i z aktu\u00e1ln\u00edch novinek si budou moci u\u017e\u00edt n\u00e1v\u0161t\u011bvn\u00edci Lucerna Music Baru 21. ledna. Fanou\u0161kov\u00e9 Jarka Nohavici si ji\u017e ur\u010dit\u011b zvykli, \u017ee jeho koncerty jsou sam\u00e9 p\u0159ekvapen\u00ed a v\u017edy naprosto nov\u011b dramaturgicky sestaven\u00e9 a rozhodn\u011b se maj\u00ed na co t\u011b\u0161it! Na sou\u010dasn\u00fdch koncertech Jarka doprov\u00e1z\u00ed na akordeon a piano vynikaj\u00edc\u00ed muzikant z Var\u0161avy Robert Kusmierski. Koncert je dlouh\u00fd asi 2 hodiny, je bez p\u0159est\u00e1vky a je nevhodn\u00fd pro d\u011bti do 12 let! CD i DVD si budou moci div\u00e1ci koupit p\u0159\u00edmo po koncert\u011b.<\/p>\n<p>P\u0159edprodej startuje 15. 12. na pokladn\u011b a webu Lucerna Music Baru.<\/p>","protected":false},"excerpt":{"rendered":"<p>S\u00f3lov\u00fd recit\u00e1l jednoho z na\u0161ich nejzn\u00e1m\u011bj\u0161\u00edch p\u00edsni\u010dk\u00e1\u0159\u016f s kytarou a heligonkou sestaven\u00fd nejen ze zn\u00e1m\u00fdch p\u00edsn\u00ed, ale i z aktu\u00e1ln\u00edch novinek si budou moci u\u017e\u00edt n\u00e1v\u0161t\u011bvn\u00edci Lucerna Music Baru 21. ledna. Fanou\u0161kov\u00e9 Jarka Nohavici si ji\u017e ur\u010dit\u011b zvykli, \u017ee jeho koncerty jsou sam\u00e9 p\u0159ekvapen\u00ed a v\u017edy naprosto nov\u011b dramaturgicky sestaven\u00e9 a rozhodn\u011b se maj\u00ed na [&hellip;]<\/p>\n","protected":false},"author":6,"featured_media":0,"comment_status":"closed","ping_status":"closed","sticky":false,"template":"","format":"standard","meta":{"_acf_changed":false,"footnotes":""},"categories":[404],"tags":[],"class_list":["post-14369","post","type-post","status-publish","format-standard","hentry","category-novinky"],"acf":[],"_links":{"self":[{"href":"https:\/\/musicbar.cz\/cs\/wp-json\/wp\/v2\/posts\/14369","targetHints":{"allow":["GET"]}}],"collection":[{"href":"https:\/\/musicbar.cz\/cs\/wp-json\/wp\/v2\/posts"}],"about":[{"href":"https:\/\/musicbar.cz\/cs\/wp-json\/wp\/v2\/types\/post"}],"author":[{"embeddable":true,"href":"https:\/\/musicbar.cz\/cs\/wp-json\/wp\/v2\/users\/6"}],"replies":[{"embeddable":true,"href":"https:\/\/musicbar.cz\/cs\/wp-json\/wp\/v2\/comments?post=14369"}],"version-history":[{"count":1,"href":"https:\/\/musicbar.cz\/cs\/wp-json\/wp\/v2\/posts\/14369\/revisions"}],"predecessor-version":[{"id":14370,"href":"https:\/\/musicbar.cz\/cs\/wp-json\/wp\/v2\/posts\/14369\/revisions\/14370"}],"wp:attachment":[{"href":"https:\/\/musicbar.cz\/cs\/wp-json\/wp\/v2\/media?parent=14369"}],"wp:term":[{"taxonomy":"category","embeddable":true,"href":"https:\/\/musicbar.cz\/cs\/wp-json\/wp\/v2\/categories?post=14369"},{"taxonomy":"post_tag","embeddable":true,"href":"https:\/\/musicbar.cz\/cs\/wp-json\/wp\/v2\/tags?post=14369"}],"curies":[{"name":"wp","href":"https:\/\/api.w.org\/{rel}","templated":true}]}}