{"id":12901,"date":"2014-08-27T19:54:32","date_gmt":"2014-08-27T17:54:32","guid":{"rendered":"http:\/\/www.musicbar.cz\/?p=12901"},"modified":"2014-12-15T13:40:55","modified_gmt":"2014-12-15T11:40:55","slug":"divokej-bill-2","status":"publish","type":"post","link":"https:\/\/musicbar.cz\/cs\/program\/divokej-bill-2\/","title":{"rendered":"Divokej Bill"},"content":{"rendered":"<p>Popul\u00e1rn\u00ed \u00favalsk\u00e1 parta vyd\u00e1v\u00e1 26. z\u00e1\u0159\u00ed prvn\u00ed akustick\u00fd \u017eiv\u00e1k a vyr\u00e1\u017e\u00ed na Akustick\u00fd turn\u00e9. U n\u00e1s se zastav\u00ed hned dva ve\u010dery po sob\u011b &#8211; 16. a 17. prosince.<\/p>\n<p>Live DVD + CD je z\u00e1znamem tak\u0159ka dvouhodinov\u00e9ho koncertu, kter\u00fd prob\u011bhl v r\u00e1mci G2 Acoustic Stage TV \u00d3\u010dko v minul\u00e9m roce. Na nosi\u010d se ve\u0161lo celkem sedmn\u00e1ct p\u00edsn\u00ed, kter\u00e9 jsou reprezentativn\u00edm pr\u016f\u0159ezem tvorby Divok\u00fdho Billa. Nechyb\u00ed pecky z lo\u0148sk\u00e9ho alba 15 jako Dolsin, Vst\u00e1vej nebo V\u0161ema deseti ani p\u00edsn\u011b, v nich\u017e Billa doplnili speci\u00e1ln\u00ed host\u00e9.<\/p>\n<p>\u201cJe to \u00fapln\u011b jin\u00e1 atmosf\u00e9ra ne\u017e na na\u0161em \u2018elektrick\u00e9m\u2019 koncert\u011b, je to takov\u00fd komorn\u011bj\u0161\u00ed, ale p\u0159itom po\u0159\u00e1d j\u00edzda&#8220;, podot\u00fdkaj\u00ed Billov\u00e9 k akustick\u00e9mu hran\u00ed.<\/p>\n<p>Akustick\u00fd turn\u00e9 bude obsahovat celkem t\u0159in\u00e1ct zast\u00e1vek. Na cel\u00e9m turn\u00e9 Divok\u00fdho Billa doprovod\u00ed coby speci\u00e1ln\u00ed host kapela Jelen a kdov\u00ed, mo\u017en\u00e1 se na vybran\u00fdch koncertech uk\u00e1\u017eou i host\u00e9 z G2 Acoustic Stage.<\/p>\n<p>P\u0159edkapela: Jelen<\/p>\n<p>KONCERT JE VYPROD\u00c1N!<\/p>","protected":false},"excerpt":{"rendered":"<p>Popul\u00e1rn\u00ed \u00favalsk\u00e1 parta vyd\u00e1v\u00e1 26. z\u00e1\u0159\u00ed prvn\u00ed akustick\u00fd \u017eiv\u00e1k a vyr\u00e1\u017e\u00ed na Akustick\u00fd turn\u00e9. U n\u00e1s se zastav\u00ed hned dva ve\u010dery po sob\u011b &#8211; 16. a 17. prosince. Live DVD + CD je z\u00e1znamem tak\u0159ka dvouhodinov\u00e9ho koncertu, kter\u00fd prob\u011bhl v r\u00e1mci G2 Acoustic Stage TV \u00d3\u010dko v minul\u00e9m roce. Na nosi\u010d se ve\u0161lo celkem sedmn\u00e1ct [&hellip;]<\/p>\n","protected":false},"author":6,"featured_media":0,"comment_status":"closed","ping_status":"closed","sticky":false,"template":"","format":"standard","meta":{"_acf_changed":false,"footnotes":""},"categories":[405],"tags":[],"class_list":["post-12901","post","type-post","status-publish","format-standard","hentry","category-program"],"acf":[],"_links":{"self":[{"href":"https:\/\/musicbar.cz\/cs\/wp-json\/wp\/v2\/posts\/12901","targetHints":{"allow":["GET"]}}],"collection":[{"href":"https:\/\/musicbar.cz\/cs\/wp-json\/wp\/v2\/posts"}],"about":[{"href":"https:\/\/musicbar.cz\/cs\/wp-json\/wp\/v2\/types\/post"}],"author":[{"embeddable":true,"href":"https:\/\/musicbar.cz\/cs\/wp-json\/wp\/v2\/users\/6"}],"replies":[{"embeddable":true,"href":"https:\/\/musicbar.cz\/cs\/wp-json\/wp\/v2\/comments?post=12901"}],"version-history":[{"count":9,"href":"https:\/\/musicbar.cz\/cs\/wp-json\/wp\/v2\/posts\/12901\/revisions"}],"predecessor-version":[{"id":14425,"href":"https:\/\/musicbar.cz\/cs\/wp-json\/wp\/v2\/posts\/12901\/revisions\/14425"}],"wp:attachment":[{"href":"https:\/\/musicbar.cz\/cs\/wp-json\/wp\/v2\/media?parent=12901"}],"wp:term":[{"taxonomy":"category","embeddable":true,"href":"https:\/\/musicbar.cz\/cs\/wp-json\/wp\/v2\/categories?post=12901"},{"taxonomy":"post_tag","embeddable":true,"href":"https:\/\/musicbar.cz\/cs\/wp-json\/wp\/v2\/tags?post=12901"}],"curies":[{"name":"wp","href":"https:\/\/api.w.org\/{rel}","templated":true}]}}