{"id":12568,"date":"2014-08-12T14:08:15","date_gmt":"2014-08-12T12:08:15","guid":{"rendered":"http:\/\/lmb.goout.cz\/?p=12568"},"modified":"2014-09-12T11:21:48","modified_gmt":"2014-09-12T09:21:48","slug":"do-prahy-se-prijede-podivat-skvely-dj-a-producent-gramatik","status":"publish","type":"post","link":"https:\/\/musicbar.cz\/cs\/novinky\/do-prahy-se-prijede-podivat-skvely-dj-a-producent-gramatik\/","title":{"rendered":"Do Prahy se p\u0159ijede pod\u00edvat skv\u011bl\u00fd DJ a producent Gramatik"},"content":{"rendered":"<p>Slovinsk\u00fd um\u011blec\u00a0<strong>GRAMATIK<\/strong>\u00a0se p\u0159ijede p\u0159edstavit do \u010cesk\u00e9 republiky v r\u00e1mci koncertn\u00ed s\u00e9rie Excelent Jukebox, kterou pro fanou\u0161ky hudby p\u0159ipravuj\u00ed Fource Entertainment a Gambrinus Excelent v pra\u017esk\u00e9m Lucerna Music Baru. Show pln\u00e1 skv\u011bl\u00e9 elektronick\u00e9, hiphopov\u011b ambientn\u00ed i dubstepov\u00e9 hudby se odehraje\u00a0<strong>17. listopadu<\/strong>\u00a0pr\u00e1v\u011b v Lucerna Music Baru. Vstupenky lze zakoupit v p\u0159edprodeji s\u00edt\u011b Ticketpro \u010di online na Facebooku Fource Entertainment od 5. srpna.<\/p>\n<p>Slovinec Denis Jasarevic \u017eije v USA a vystupuje pod um\u011bleck\u00fdm jm\u00e9nem GRAMATIK. Je zn\u00e1m sv\u00fdm neot\u0159el\u00fdm p\u0159\u00edstupem jak k hudb\u011b, tak i k jednotliv\u00fdm videoklip\u016fm, kter\u00e9 ke sv\u00fdm skladb\u00e1m nat\u00e1\u010d\u00ed \u2013 a nutno \u0159\u00edct, \u017ee se jedn\u00e1 o opravdu profesion\u00e1ln\u00ed tvorbu. Do \u010cesk\u00e9 republiky zav\u00edt\u00e1 poprv\u00e9 \u2013 v r\u00e1mci turn\u00e9, kter\u00e9 p\u0159edstav\u00ed jeho posledn\u00ed album vydan\u00e9 v roce 2014 s n\u00e1zvem The Age of Reason. Cel\u00e9 album je mo\u017en\u00e9 zdarma vyslechnout jak na um\u011blcov\u011b SoundCloudu, tak i na Youtube. Gramatik je toti\u017e, atypicky pro hudebn\u00ed odv\u011btv\u00ed, velk\u00fdm zast\u00e1ncem voln\u00e9ho sd\u00edlen\u00ed soubor\u016f v\u010detn\u011b hudby.<\/p>\n<p><em style=\"line-height: 1.5em;\">&#8222;Moje posledn\u00ed EP\u010dko se jmenuje #digitalfreedom. Jako um\u011blec, kterej postavil celou svoji kari\u00e9ru na volnym sd\u00edlen\u00ed dat jsem se rozhodl v\u011bnovat tohle EP\u010dko pr\u00e1v\u011b boji za svobodnej internet \u2013 boji proti cenzu\u0159e internetu, o kter\u00fd je posledn\u00ed dobou tak moc sly\u0161et. Proti v\u0161em t\u011bm mezin\u00e1rodn\u00edm smlouv\u00e1m typu ACTA\/SOPA\/PIPA, kter\u00fd se sna\u017eej na celosv\u011btov\u00fd \u00farovni tot\u00e1ln\u011b paralyzovat internet, tak\u017ee tohle EP\u010dko jde na podporu v\u011bdom\u00ed o t\u00fdhle situaci! V\u0161echny je odm\u00edtn\u011bte, nikdy nep\u0159est\u00e1vejte sd\u00edlet, internet je n\u00e1\u0161 sv\u011bt, na\u0161e digit\u00e1ln\u00ed svoboda!\u201d,<\/em><span style=\"line-height: 1.5em;\">\u00a0nechal se Gramatik neboj\u00e1cn\u011b sly\u0161et. Touto hl\u00e1\u0161kou pravd\u011bpodobn\u011b vystihl my\u0161lenky mnoha dal\u0161\u00edch v tomto i dal\u0161\u00edch odv\u011btv\u00edch, kte\u0159\u00ed se v\u0161ak boj\u00ed z r\u016fzn\u00fdch d\u016fvod\u016f sv\u00e9 n\u00e1zory sd\u00edlet ve\u0159ejn\u011b.<\/span><\/p>\n<p>S albem The Age of Reason, Gramatik p\u0159edv\u00e1d\u00ed sv\u016fj hudebn\u00ed r\u016fst pop\u00edraj\u00edc\u00ed \u0161katulky \u017e\u00e1nr\u016f a bo\u0159\u00ed nudn\u00fd status quo elektronick\u00e9 tane\u010dn\u00ed hudby, p\u0159etv\u00e1\u0159ej\u00edc ji na unik\u00e1tn\u00ed zvuk, kter\u00fd zn\u00e1me jako tvorbu onoho DJ a producenta, Gramatika.<\/p>\n<p>Vstupenky jsou v prodeji v s\u00edti Ticketpro a na Facebooku Fource Entertainment v cen\u011b 395.- K\u010d + poplatky.<\/p>","protected":false},"excerpt":{"rendered":"<p>Slovinsk\u00fd um\u011blec\u00a0GRAMATIK\u00a0se p\u0159ijede p\u0159edstavit do \u010cesk\u00e9 republiky v r\u00e1mci koncertn\u00ed s\u00e9rie Excelent Jukebox, kterou pro fanou\u0161ky hudby p\u0159ipravuj\u00ed Fource Entertainment a Gambrinus Excelent v pra\u017esk\u00e9m Lucerna Music Baru. Show pln\u00e1 skv\u011bl\u00e9 elektronick\u00e9, hiphopov\u011b ambientn\u00ed i dubstepov\u00e9 hudby se odehraje\u00a017. listopadu\u00a0pr\u00e1v\u011b v Lucerna Music Baru. Vstupenky lze zakoupit v p\u0159edprodeji s\u00edt\u011b Ticketpro \u010di online na Facebooku [&hellip;]<\/p>\n","protected":false},"author":7,"featured_media":0,"comment_status":"closed","ping_status":"closed","sticky":false,"template":"","format":"standard","meta":{"_acf_changed":false,"footnotes":""},"categories":[404],"tags":[],"class_list":["post-12568","post","type-post","status-publish","format-standard","hentry","category-novinky"],"acf":[],"_links":{"self":[{"href":"https:\/\/musicbar.cz\/cs\/wp-json\/wp\/v2\/posts\/12568","targetHints":{"allow":["GET"]}}],"collection":[{"href":"https:\/\/musicbar.cz\/cs\/wp-json\/wp\/v2\/posts"}],"about":[{"href":"https:\/\/musicbar.cz\/cs\/wp-json\/wp\/v2\/types\/post"}],"author":[{"embeddable":true,"href":"https:\/\/musicbar.cz\/cs\/wp-json\/wp\/v2\/users\/7"}],"replies":[{"embeddable":true,"href":"https:\/\/musicbar.cz\/cs\/wp-json\/wp\/v2\/comments?post=12568"}],"version-history":[{"count":5,"href":"https:\/\/musicbar.cz\/cs\/wp-json\/wp\/v2\/posts\/12568\/revisions"}],"predecessor-version":[{"id":12571,"href":"https:\/\/musicbar.cz\/cs\/wp-json\/wp\/v2\/posts\/12568\/revisions\/12571"}],"wp:attachment":[{"href":"https:\/\/musicbar.cz\/cs\/wp-json\/wp\/v2\/media?parent=12568"}],"wp:term":[{"taxonomy":"category","embeddable":true,"href":"https:\/\/musicbar.cz\/cs\/wp-json\/wp\/v2\/categories?post=12568"},{"taxonomy":"post_tag","embeddable":true,"href":"https:\/\/musicbar.cz\/cs\/wp-json\/wp\/v2\/tags?post=12568"}],"curies":[{"name":"wp","href":"https:\/\/api.w.org\/{rel}","templated":true}]}}