{"id":12455,"date":"2014-08-22T11:00:54","date_gmt":"2014-08-22T09:00:54","guid":{"rendered":"http:\/\/lmb.goout.cz\/?p=12455"},"modified":"2014-09-19T14:27:05","modified_gmt":"2014-09-19T12:27:05","slug":"slet-bubeniku-2","status":"publish","type":"post","link":"https:\/\/musicbar.cz\/cs\/program\/slet-bubeniku-2\/","title":{"rendered":"Slet buben\u00edk\u016f"},"content":{"rendered":"<p>Slet buben\u00edk\u016f vstupuje ji\u017e do 13. ro\u010dn\u00edku. Sv\u00fdm pojet\u00edm je tento projekt naprosto ojedin\u011bl\u00fd a unik\u00e1tn\u00ed a z\u00edskal si velk\u00e9 renom\u00e9 v cel\u00e9m hudebn\u00edm sv\u011bt\u011b. N\u00e1zev Slet buben\u00edk\u016f nen\u00ed n\u00e1hodn\u00fd, proto\u017ee hudebn\u00edci se opravdu sl\u00e9t\u00e1vaj\u00ed z r\u00fazn\u00fdch z\u00e1kout\u00ed hudebn\u00edho sv\u011bta, z r\u016fzn\u00fdch styl\u016f a z r\u016fzn\u00fdch domnovsk\u00fdch skupin. Ti se v\u017edy nap\u0159ed na mnoho dn\u00ed uzav\u0159ou p\u0159ed sv\u011btem na odlehl\u00e9m m\u00edst\u011b v Jizersk\u00fdch hor\u00e1ch, kde spole\u010dn\u011b vz\u00fdvaj\u00ed hleda\u010dstv\u00ed a hudebn\u00ed inspiraci. Ka\u017ed\u00fd hudebn\u00edk vn\u00e1\u0161\u00ed do spole\u010dn\u00e9 d\u00edlny sv\u00e9 muzik\u00e1ln\u00ed zku\u0161enosti, vlastn\u00ed kulturn\u00ed tradici, hudebn\u00ed vzd\u011bl\u00e1n\u00ed; ka\u017ed\u00fd do spole\u010dn\u00e9 tvo\u0159en\u00ed p\u0159ich\u00e1z\u00ed s vlastn\u00edmi n\u00e1pady. V\u00fdsledek tohoto glob\u00e1ln\u00edho tav\u00edc\u00edho bubenick\u00e9ho kotle je v\u017edy fascinuj\u00edc\u00ed. Doch\u00e1z\u00ed k prolnut\u00ed v\u0161ech mo\u017en\u00fdch hudebn\u00edch sm\u011br\u016f, etnick\u00fdch vliv\u016f a inspirac\u00ed. Ka\u017edoro\u010dn\u011b vznikaj\u00ed nov\u00e9 skladby, kter\u00e9 jsou pak \u017eiv\u011b p\u0159edvedeny na koncert\u011b.<\/p>\n<p>All Star bubenick\u00fd t\u00fdm tvo\u0159\u00ed op\u011bt \u0161pi\u010dkov\u00ed hudebn\u00edci t\u0159\u00ed kontinent\u016f:<br \/>\nPavel Fajt<br \/>\nPavel Koudelka<br \/>\nMilo\u0161 Vac\u00edk<br \/>\nEphraim Goldin<br \/>\nAlex Bershadsky<br \/>\nTom\u00e1\u0161 Rendl<br \/>\nLiron Meyuhas<\/p>","protected":false},"excerpt":{"rendered":"<p>Slet buben\u00edk\u016f vstupuje ji\u017e do 13. ro\u010dn\u00edku. Sv\u00fdm pojet\u00edm je tento projekt naprosto ojedin\u011bl\u00fd a unik\u00e1tn\u00ed a z\u00edskal si velk\u00e9 renom\u00e9 v cel\u00e9m hudebn\u00edm sv\u011bt\u011b. N\u00e1zev Slet buben\u00edk\u016f nen\u00ed n\u00e1hodn\u00fd, proto\u017ee hudebn\u00edci se opravdu sl\u00e9t\u00e1vaj\u00ed z r\u00fazn\u00fdch z\u00e1kout\u00ed hudebn\u00edho sv\u011bta, z r\u016fzn\u00fdch styl\u016f a z r\u016fzn\u00fdch domnovsk\u00fdch skupin. Ti se v\u017edy nap\u0159ed na mnoho dn\u00ed [&hellip;]<\/p>\n","protected":false},"author":6,"featured_media":0,"comment_status":"closed","ping_status":"closed","sticky":false,"template":"","format":"standard","meta":{"_acf_changed":false,"footnotes":""},"categories":[405],"tags":[416],"class_list":["post-12455","post","type-post","status-publish","format-standard","hentry","category-program","tag-world"],"acf":[],"_links":{"self":[{"href":"https:\/\/musicbar.cz\/cs\/wp-json\/wp\/v2\/posts\/12455","targetHints":{"allow":["GET"]}}],"collection":[{"href":"https:\/\/musicbar.cz\/cs\/wp-json\/wp\/v2\/posts"}],"about":[{"href":"https:\/\/musicbar.cz\/cs\/wp-json\/wp\/v2\/types\/post"}],"author":[{"embeddable":true,"href":"https:\/\/musicbar.cz\/cs\/wp-json\/wp\/v2\/users\/6"}],"replies":[{"embeddable":true,"href":"https:\/\/musicbar.cz\/cs\/wp-json\/wp\/v2\/comments?post=12455"}],"version-history":[{"count":3,"href":"https:\/\/musicbar.cz\/cs\/wp-json\/wp\/v2\/posts\/12455\/revisions"}],"predecessor-version":[{"id":13106,"href":"https:\/\/musicbar.cz\/cs\/wp-json\/wp\/v2\/posts\/12455\/revisions\/13106"}],"wp:attachment":[{"href":"https:\/\/musicbar.cz\/cs\/wp-json\/wp\/v2\/media?parent=12455"}],"wp:term":[{"taxonomy":"category","embeddable":true,"href":"https:\/\/musicbar.cz\/cs\/wp-json\/wp\/v2\/categories?post=12455"},{"taxonomy":"post_tag","embeddable":true,"href":"https:\/\/musicbar.cz\/cs\/wp-json\/wp\/v2\/tags?post=12455"}],"curies":[{"name":"wp","href":"https:\/\/api.w.org\/{rel}","templated":true}]}}