{"id":12428,"date":"2014-08-22T10:17:01","date_gmt":"2014-08-22T08:17:01","guid":{"rendered":"http:\/\/lmb.goout.cz\/?p=12428"},"modified":"2014-09-17T13:12:09","modified_gmt":"2014-09-17T11:12:09","slug":"koncert-pro-sumavskou-divocinu-vol-3","status":"publish","type":"post","link":"https:\/\/musicbar.cz\/cs\/program\/koncert-pro-sumavskou-divocinu-vol-3\/","title":{"rendered":"Koncert pro \u0161umavskou divo\u010dinu Vol. 3"},"content":{"rendered":"<p>V\u00e1\u017een\u00ed p\u0159\u00e1tel\u00e9, necho\u010fme okolo hork\u00e9 ka\u0161e \u2013 situace je opravdu v\u00e1\u017en\u00e1! Sen\u00e1tem p\u0159ed pr\u00e1zdninami pro\u0161el n\u00e1vrh z\u00e1kona, jen\u017e m\u016f\u017ee b\u00fdt pro n\u00e1\u0161 nejv\u011bt\u0161\u00ed p\u0159\u00edrodn\u00ed klenot, N\u00e1rodn\u00ed park \u0160umava, ve sv\u00e9m d\u016fsledku likvida\u010dn\u00ed, a to zcela re\u00e1ln\u011b. Tento z\u00e1kon neponech\u00e1v\u00e1 v\u016fbec \u017e\u00e1dn\u00e9 m\u00edsto, kde by z\u016fstala divok\u00e1 p\u0159\u00edroda, kterou lid\u00e9 budou pouze nav\u0161t\u011bvovat \u2013 tedy \u00fa\u010del, kv\u016fli n\u011bmu\u017e se n\u00e1rodn\u00ed parky v\u0161ude na sv\u011bt\u011b z\u0159izuj\u00ed. Proto na v\u00e1s apelujeme, ozv\u011bme se spole\u010dn\u011b proti tomuto n\u00e1vrhu z\u00e1kona a, kdy\u017e u\u017e nic jin\u00e9ho, nebu\u010fme ostudou p\u0159ed cel\u00fdm sv\u011btem: Zat\u00edmco zvl\u00e1\u0161t\u011b v z\u00e1padn\u00ed Evrop\u011b anebo nap\u0159. na obou americk\u00fdch kontinentech se n\u00e1rodn\u00ed parky roz\u0161i\u0159uj\u00ed a vznikaj\u00ed st\u00e1le nov\u00e9 \u2013 \u010cesk\u00e1 republika se chyst\u00e1 k prav\u00e9mu opaku.<\/p>\n<p>S touto my\u0161lenkou proto po\u0159\u00e1d\u00e1me ji\u017e t\u0159et\u00ed KONCERT PRO \u0160UMAVSKOU DIVO\u010cINU. P\u0159ij\u010fte nejen pro\u017e\u00edt skv\u011bl\u00fd hudebn\u00ed ve\u010der, ale hlavn\u011b se tak\u00e9 poinformovat, co m\u016f\u017eete pro danou v\u011bc ud\u011blat i vy sami. P\u0159edem d\u011bkujeme za podporu a pros\u00edme, zat\u00edm t\u0159eba p\u0159ipojte sv\u016fj podpis pod <a href=\"http:\/\/www.hnutiduha.cz\/petice\/\" target=\"_blank\">petici<\/a> za skute\u010dn\u011b dobr\u00fd a legislativn\u011b citliv\u00fd a srozumiteln\u00fd z\u00e1kon o N\u00e1rodn\u00edm parku \u0160umava, jen\u017e na z\u00e1klad\u011b dlouhodob\u00fdch zku\u0161enost\u00ed a poznatk\u016f ze zahrani\u010d\u00ed p\u0159ipravila skupina odborn\u00edk\u016f, mezin\u00e1rodn\u011b uzn\u00e1van\u00fdch p\u0159\u00edrodn\u00edch v\u011bdc\u016f atd., nikoliv kr\u00e1tkodob\u00ed politici s vazbami na developersk\u00e9 z\u00e1jmov\u00e9 skupiny bez ohledu na dlouhodob\u00e9 a nezvratn\u00e9 d\u016fsledky!<\/p>\n<p>NA\u010cEVA &amp; Tom\u00e1\u0161 Vt\u00edpil (Urband, DG-307)<br \/>\nJAROM\u00cdR 99 (hlas a du\u0161e kapel a projket\u016f PRIESSNITZ \/ Umakart \/\u00a0The Bombers \/ Alois Nebel \/ Kafka Band ad.) s\u00f3lo<br \/>\nKILL THE DANDIES!<br \/>\nV\u00c1CLAV HAVELKA III (PLEASE THE TREES) s\u00f3lo<br \/>\nRUDOVOUS<br \/>\nTRABANDITA, \u010dili \u0161\u00e9f Trabandu Jarda Svoboda s\u00f3lo<br \/>\nBIGG BOSS JAM:<br \/>\nVLADIMIR 518, LA4, ORION, JAMES COLE, REFEW &amp; MIKE T<\/p>","protected":false},"excerpt":{"rendered":"<p>V\u00e1\u017een\u00ed p\u0159\u00e1tel\u00e9, necho\u010fme okolo hork\u00e9 ka\u0161e \u2013 situace je opravdu v\u00e1\u017en\u00e1! Sen\u00e1tem p\u0159ed pr\u00e1zdninami pro\u0161el n\u00e1vrh z\u00e1kona, jen\u017e m\u016f\u017ee b\u00fdt pro n\u00e1\u0161 nejv\u011bt\u0161\u00ed p\u0159\u00edrodn\u00ed klenot, N\u00e1rodn\u00ed park \u0160umava, ve sv\u00e9m d\u016fsledku likvida\u010dn\u00ed, a to zcela re\u00e1ln\u011b. Tento z\u00e1kon neponech\u00e1v\u00e1 v\u016fbec \u017e\u00e1dn\u00e9 m\u00edsto, kde by z\u016fstala divok\u00e1 p\u0159\u00edroda, kterou lid\u00e9 budou pouze nav\u0161t\u011bvovat \u2013 tedy \u00fa\u010del, [&hellip;]<\/p>\n","protected":false},"author":6,"featured_media":0,"comment_status":"closed","ping_status":"closed","sticky":false,"template":"","format":"standard","meta":{"_acf_changed":false,"footnotes":""},"categories":[405],"tags":[],"class_list":["post-12428","post","type-post","status-publish","format-standard","hentry","category-program"],"acf":[],"_links":{"self":[{"href":"https:\/\/musicbar.cz\/cs\/wp-json\/wp\/v2\/posts\/12428","targetHints":{"allow":["GET"]}}],"collection":[{"href":"https:\/\/musicbar.cz\/cs\/wp-json\/wp\/v2\/posts"}],"about":[{"href":"https:\/\/musicbar.cz\/cs\/wp-json\/wp\/v2\/types\/post"}],"author":[{"embeddable":true,"href":"https:\/\/musicbar.cz\/cs\/wp-json\/wp\/v2\/users\/6"}],"replies":[{"embeddable":true,"href":"https:\/\/musicbar.cz\/cs\/wp-json\/wp\/v2\/comments?post=12428"}],"version-history":[{"count":13,"href":"https:\/\/musicbar.cz\/cs\/wp-json\/wp\/v2\/posts\/12428\/revisions"}],"predecessor-version":[{"id":13066,"href":"https:\/\/musicbar.cz\/cs\/wp-json\/wp\/v2\/posts\/12428\/revisions\/13066"}],"wp:attachment":[{"href":"https:\/\/musicbar.cz\/cs\/wp-json\/wp\/v2\/media?parent=12428"}],"wp:term":[{"taxonomy":"category","embeddable":true,"href":"https:\/\/musicbar.cz\/cs\/wp-json\/wp\/v2\/categories?post=12428"},{"taxonomy":"post_tag","embeddable":true,"href":"https:\/\/musicbar.cz\/cs\/wp-json\/wp\/v2\/tags?post=12428"}],"curies":[{"name":"wp","href":"https:\/\/api.w.org\/{rel}","templated":true}]}}